{"id":5600,"date":"2018-01-15T07:42:00","date_gmt":"2018-01-15T06:42:00","guid":{"rendered":""},"modified":"2024-11-12T13:30:12","modified_gmt":"2024-11-12T12:30:12","slug":"asamblea-de-amadores-da-musica","status":"publish","type":"post","link":"https:\/\/blogs.amarinha.gal\/ribadeando\/2018\/01\/15\/asamblea-de-amadores-da-musica\/","title":{"rendered":"Asemblea de Amadores da M\u00fasica"},"content":{"rendered":"<p>O venres tivo lugar a asemblea da Asociaci\u00f3n Amadores da M\u00fasica, sociedade titular da Banda de M\u00fasica Municipal de Ribadeo.<\/p>\n<p>A xuntanza corresponde \u00e1 daci\u00f3n de contas do ano 2017, e a s\u00faa convocatoria non ofreceu novidades, como corresponde a unha xuntanza ordinaria.<\/p>\n<p><a href=\"https:\/\/blogger.googleusercontent.com\/img\/b\/R29vZ2xl\/AVvXsEhGkOEH9-9Q0fR1b7vH0tZ4orsSuaYsaIDgowf37g240xLaE66w8uUzvBtCJRZ2f-Z5UppW0ZRUZD3t_7O-A6ikITI7EIt7pX1W1MRIqr8YCiVgtRm-KQHgOsi3ngqpV3gZlxqELA\/s2048\/Asamblea+Amadores+2018_.jpg\" imageanchor=\"1\" style=\"margin-left: 1em; margin-right: 1em;\"><img decoding=\"async\" src=\"https:\/\/blogger.googleusercontent.com\/img\/b\/R29vZ2xl\/AVvXsEhGkOEH9-9Q0fR1b7vH0tZ4orsSuaYsaIDgowf37g240xLaE66w8uUzvBtCJRZ2f-Z5UppW0ZRUZD3t_7O-A6ikITI7EIt7pX1W1MRIqr8YCiVgtRm-KQHgOsi3ngqpV3gZlxqELA\/s2048\/Asamblea+Amadores+2018_.jpg\" \/><\/a><\/p>\n<p>O desenvolvemento tam\u00e9n foi tranquilo, coa exposici\u00f3n de cada un dos puntos entre o total de 18 socios asistentes, que levou \u00f3 comezo \u00e1 segunda convocatoria. Comezou coa <a href=\"http:\/\/ribadeando.blogspot.com.es\/2017\/01\/asemblea-de-amadores-da-musica.html\">letura e aprobaci\u00f3n da acta anterior<\/a> e seguiu desenvolvendo un estado de contas saneado, no que a\u00ednda falta por dar entrada a unha subvenci\u00f3n comprometida e outra posible, correspondentes ambas \u00e1s actividades do ano 2016 e que elevar\u00edan en cousa doutros 5000 euros o estado das contas da asociaci\u00f3n.<\/p>\n<p>No desenvolvemento de actividades f\u00edxose fincap\u00e9 na <a href=\"http:\/\/ribadeando.blogspot.com.es\/2017\/01\/25-anos-da-presentacion-da-banda-de.html\">celebraci\u00f3n do 25 aniversario (1992-2017)<\/a> coa <a href=\"http:\/\/ribadeando.blogspot.com.es\/2017\/08\/exposicion-dos-25-anos-da-banda-de.html\">exposici\u00f3n<\/a> realizada, o <a href=\"http:\/\/ribadeando.blogspot.com.es\/2017\/08\/gravacion-do-concerto-de-25-aniversario.html\">concerto de 25 aniversario<\/a> en Cabanela coa participaci\u00f3n de antigos m\u00fasicos e o churrasco posterior.<\/p>\n<p>Houbo algunhas preguntas, como a petici\u00f3n de informaci\u00f3n sobre se tivera ou non lugar a xuntanza co concello proposta o ano pasado, que si tiveron lugar d\u00faas, e segundo parece ama\u00f1ouse o desacordo manifestado naquela xutnanza.<\/p>\n<p>No apartado musical, en cambio, quedou patente que a\u00ednda queda por facer para a reposici\u00f3n de m\u00fasicos, pois en todo o ano pasado incorporouse un, e este ano esp\u00e9rase que se incorporen dous en dous concertos diferentes. Como sa\u00eddas, este ano esp\u00e9rase devolver a visita das bandas que vi\u00f1eron \u00f3 festival o pasado ano, incrementando as\u00ed as sa\u00eddas do ano pasado.<\/p>\n<p>A asemblea comezou en hora e rematou despois dunha hora, non sen antes quedar emprazados os socios para unha asemblea extraordinaria por marzo para renovaci\u00f3n da <a href=\"http:\/\/ribadeando.blogspot.com.es\/2016\/04\/amadores-da-musica-o-traballo.html\">directiva<\/a>, que xa anunciou o presidente que continuaba, a\u00ednda que pod\u00eda haber alg\u00fan cambio na composici\u00f3n por motivos laborais ou persoais.<\/p>\n","protected":false},"excerpt":{"rendered":"<p>O venres tivo lugar a asemblea da Asociaci\u00f3n Amadores da M\u00fasica, sociedade titular da Banda de M\u00fasica Municipal de Ribadeo. A xuntanza corresponde \u00e1 daci\u00f3n de contas do ano 2017, e a s\u00faa convocatoria non ofreceu novidades, como corresponde a unha xuntanza ordinaria. O desenvolvemento tam\u00e9n foi tranquilo, coa exposici\u00f3n de cada un dos puntos [&hellip;]<\/p>\n","protected":false},"author":3,"featured_media":0,"comment_status":"open","ping_status":"closed","sticky":false,"template":"","format":"standard","meta":{"activitypub_content_warning":"","activitypub_content_visibility":"","activitypub_max_image_attachments":3,"activitypub_interaction_policy_quote":"anyone","activitypub_status":"federate","footnotes":""},"categories":[1],"tags":[81],"class_list":["post-5600","post","type-post","status-publish","format-standard","hentry","category-sen-categoria","tag-banda"],"_links":{"self":[{"href":"https:\/\/blogs.amarinha.gal\/ribadeando\/wp-json\/wp\/v2\/posts\/5600","targetHints":{"allow":["GET"]}}],"collection":[{"href":"https:\/\/blogs.amarinha.gal\/ribadeando\/wp-json\/wp\/v2\/posts"}],"about":[{"href":"https:\/\/blogs.amarinha.gal\/ribadeando\/wp-json\/wp\/v2\/types\/post"}],"author":[{"embeddable":true,"href":"https:\/\/blogs.amarinha.gal\/ribadeando\/wp-json\/wp\/v2\/users\/3"}],"replies":[{"embeddable":true,"href":"https:\/\/blogs.amarinha.gal\/ribadeando\/wp-json\/wp\/v2\/comments?post=5600"}],"version-history":[{"count":0,"href":"https:\/\/blogs.amarinha.gal\/ribadeando\/wp-json\/wp\/v2\/posts\/5600\/revisions"}],"wp:attachment":[{"href":"https:\/\/blogs.amarinha.gal\/ribadeando\/wp-json\/wp\/v2\/media?parent=5600"}],"wp:term":[{"taxonomy":"category","embeddable":true,"href":"https:\/\/blogs.amarinha.gal\/ribadeando\/wp-json\/wp\/v2\/categories?post=5600"},{"taxonomy":"post_tag","embeddable":true,"href":"https:\/\/blogs.amarinha.gal\/ribadeando\/wp-json\/wp\/v2\/tags?post=5600"}],"curies":[{"name":"wp","href":"https:\/\/api.w.org\/{rel}","templated":true}]}}