{"id":5596,"date":"2018-01-23T07:51:00","date_gmt":"2018-01-23T06:51:00","guid":{"rendered":""},"modified":"2024-11-12T13:30:07","modified_gmt":"2024-11-12T12:30:07","slug":"ribadeo-internal-server-error","status":"publish","type":"post","link":"https:\/\/blogs.amarinha.gal\/ribadeando\/2018\/01\/23\/ribadeo-internal-server-error\/","title":{"rendered":"Arquivo de Ribadeo, &#8216;internal server error&#8217;"},"content":{"rendered":"<p>Unha das posibilidades que m\u00e1is me gustou cando a vin na web do concello foi a do <a href=\"http:\/\/ribadeando.blogspot.com.es\/2017\/06\/o-arquivo-de-ribadeo-en-internet.html\">arquivo municipal<\/a>. Os documentos que al\u00ed poder\u00edan estar amosados fac\u00edan pensar nunha interacci\u00f3n do pobo coa historia de Ribadeo que non se dera ata o momento.<\/p>\n<p>Mais a web xa leva alg\u00fan tempo inh\u00e1bil (non sei exactamente canto). Cando se tenta acceder a <a href=\"http:\/\/arquivo.ribadeo.org\/\">http:\/\/arquivo.ribadeo.org\/<\/a> de xeito directo ou mediante o icono na esquerda na web do concello, aparece:<\/p>\n<p><a href=\"https:\/\/blogger.googleusercontent.com\/img\/b\/R29vZ2xl\/AVvXsEiOeNEej3yQYbbIflP5KUZU6C-V18H2cP3omu95pbKECIN4bheJPTxvqYaMlfqdwfo4mjti9fRqNOyvIq5KOF6P8ZH6KBZZl6b98TFRFeZhDxiGl2ClnXs8afL1qLQ4F8BJH8D9hw\/s2048\/internal+server+error+arquivo.ribadeo.org.png\" imageanchor=\"1\" style=\"clear: left; float: left; margin-bottom: 1em; margin-right: 1em;\"><img decoding=\"async\" src=\"https:\/\/blogger.googleusercontent.com\/img\/b\/R29vZ2xl\/AVvXsEiOeNEej3yQYbbIflP5KUZU6C-V18H2cP3omu95pbKECIN4bheJPTxvqYaMlfqdwfo4mjti9fRqNOyvIq5KOF6P8ZH6KBZZl6b98TFRFeZhDxiGl2ClnXs8afL1qLQ4F8BJH8D9hw\/s2048\/internal+server+error+arquivo.ribadeo.org.png\" \/><\/a><\/p>\n<p>Hai seis meses, cando a descubr\u00edn, presentaba outro aspecto,<\/p>\n<p><a href=\"https:\/\/blogger.googleusercontent.com\/img\/b\/R29vZ2xl\/AVvXsEg3dk168RTLBgN63ifkgrWq6tNDv-EGC7ayIuYuyrk7kUFA5DTN3-E0n7jPNIHi3UBo6qPUP0Tcvf3r31vsKvsee8MT6U3ZKWPah4q0wcwXg7-8DA8vmOkIeDg5VU3A5iM8OJmYXw\/s2048\/Arquivo+de+Ribadeo.png\" imageanchor=\"1\" style=\"margin-left: 1em; margin-right: 1em;\"><img loading=\"lazy\" decoding=\"async\" height=\"236\" src=\"https:\/\/blogger.googleusercontent.com\/img\/b\/R29vZ2xl\/AVvXsEg3dk168RTLBgN63ifkgrWq6tNDv-EGC7ayIuYuyrk7kUFA5DTN3-E0n7jPNIHi3UBo6qPUP0Tcvf3r31vsKvsee8MT6U3ZKWPah4q0wcwXg7-8DA8vmOkIeDg5VU3A5iM8OJmYXw\/s2048\/Arquivo+de+Ribadeo.png\" width=\"640\" \/><\/a><\/p>\n<p>&#8230; e animaba \u00f3 seu uso, a pesar de diferentes defectos que, dic\u00eda, esperaba se corrixiran r\u00e1pido (m\u00e1is a\u00ednda por ser aparentemente sinxelos de solucionar).<\/p>\n<p>&#8212;<\/p>\n<p>D\u00edas despois, por un aviso, comprobo que a p\u00e1xina non vai con Firefox, pero si con Chromium&#8230;<\/p>\n","protected":false},"excerpt":{"rendered":"<p>Unha das posibilidades que m\u00e1is me gustou cando a vin na web do concello foi a do arquivo municipal. Os documentos que al\u00ed poder\u00edan estar amosados fac\u00edan pensar nunha interacci\u00f3n do pobo coa historia de Ribadeo que non se dera ata o momento. Mais a web xa leva alg\u00fan tempo inh\u00e1bil (non sei exactamente canto). [&hellip;]<\/p>\n","protected":false},"author":3,"featured_media":0,"comment_status":"open","ping_status":"closed","sticky":false,"template":"","format":"standard","meta":{"activitypub_content_warning":"","activitypub_content_visibility":"","activitypub_max_image_attachments":3,"activitypub_interaction_policy_quote":"anyone","activitypub_status":"federate","footnotes":""},"categories":[1],"tags":[9],"class_list":["post-5596","post","type-post","status-publish","format-standard","hentry","category-sen-categoria","tag-sociedade"],"_links":{"self":[{"href":"https:\/\/blogs.amarinha.gal\/ribadeando\/wp-json\/wp\/v2\/posts\/5596","targetHints":{"allow":["GET"]}}],"collection":[{"href":"https:\/\/blogs.amarinha.gal\/ribadeando\/wp-json\/wp\/v2\/posts"}],"about":[{"href":"https:\/\/blogs.amarinha.gal\/ribadeando\/wp-json\/wp\/v2\/types\/post"}],"author":[{"embeddable":true,"href":"https:\/\/blogs.amarinha.gal\/ribadeando\/wp-json\/wp\/v2\/users\/3"}],"replies":[{"embeddable":true,"href":"https:\/\/blogs.amarinha.gal\/ribadeando\/wp-json\/wp\/v2\/comments?post=5596"}],"version-history":[{"count":0,"href":"https:\/\/blogs.amarinha.gal\/ribadeando\/wp-json\/wp\/v2\/posts\/5596\/revisions"}],"wp:attachment":[{"href":"https:\/\/blogs.amarinha.gal\/ribadeando\/wp-json\/wp\/v2\/media?parent=5596"}],"wp:term":[{"taxonomy":"category","embeddable":true,"href":"https:\/\/blogs.amarinha.gal\/ribadeando\/wp-json\/wp\/v2\/categories?post=5596"},{"taxonomy":"post_tag","embeddable":true,"href":"https:\/\/blogs.amarinha.gal\/ribadeando\/wp-json\/wp\/v2\/tags?post=5596"}],"curies":[{"name":"wp","href":"https:\/\/api.w.org\/{rel}","templated":true}]}}