{"id":5594,"date":"2018-01-24T08:41:00","date_gmt":"2018-01-24T07:41:00","guid":{"rendered":""},"modified":"2024-11-12T13:30:03","modified_gmt":"2024-11-12T12:30:03","slug":"un-inmoble-por-cada-ribadense-30-000-de","status":"publish","type":"post","link":"https:\/\/blogs.amarinha.gal\/ribadeando\/2018\/01\/24\/un-inmoble-por-cada-ribadense-30-000-de\/","title":{"rendered":"Un inmoble por cada ribadense. 30 000 \u20ac de valor catastral"},"content":{"rendered":"<p>Iso \u00e9 o que se desprende do censo de inmobles no concello. Case 10 000 habitantes, case 10 000 inmobles. A valoraci\u00f3n total sobe algo de 300 000 000 \u20ac, o que da, de media, algo m\u00e1is de 30 000 \u20ac de <a href=\"http:\/\/ribadeando.blogspot.com.es\/2015\/11\/catastreando-por-ribadeo-e-espana.html\">valor catastral<\/a> por cada inmoble. Ou por cada ribadense. Algo menos de 2 000 000 \u20ac de recadaci\u00f3n esperados por contribuci\u00f3n\/impostos de bens inmobles, 200 \u20ac por ribadense ou por inmoble&#8230; 1 \u20ac de imposto por cada 150 \u20ac de valor catastral.<\/p>\n<p>Algo tratado onte no pleno, no que se decidiu manter a presi\u00f3n fiscal e non aumentala como se tende no estado. Como? Mentres que aumenta a valoraci\u00f3n catastral (manexada por entidade estatal), dimin\u00fae o coeficiente aplicado polo concello &#8211;<a href=\"http:\/\/ribadeando.blogspot.com.es\/2016\/12\/xa-temos-orzamento.html\">como estaba previsto<\/a> (ou <a href=\"http:\/\/ribadeando.blogspot.com.es\/2016\/12\/martes-20-pleno-870-ribadense.html\">aqu\u00ed<\/a>)- para o c\u00e1lculo da taxa correspondente.<\/p>\n<p>O n\u00famero de inmobles vai aumentando: en principio, despois dos anos de construci\u00f3n, lonxe xa do bosque de gr\u00faas que chegou a tentar poboar Ribadeo, por regularizaci\u00f3ns.<\/p>\n<p>E a distribuci\u00f3n de inmobles, como \u00e9? Ah! diso non se tratou onte!<\/p>\n<table align=\"center\" cellpadding=\"0\" cellspacing=\"0\" class=\"tr-caption-container\" style=\"margin-left: auto; margin-right: auto; text-align: center;\">\n<tbody>\n<tr>\n<td style=\"text-align: center;\"><a href=\"https:\/\/blogger.googleusercontent.com\/img\/b\/R29vZ2xl\/AVvXsEhtJKT1cNyEQ2peraDWKiXYrSM-AO4JHXq5jbqaJLgyjAmwBLAD_Mz6paHlozng1AwYJR_bPyMF8H61sZF1ByYXohiC8G5bSrQKu8f27C82b2yND5-_u_0hpdNxr-_MkscTlbu3Wg\/s2048\/proxecto+bic+Torre+1995+2.png\" imageanchor=\"1\" style=\"margin-left: auto; margin-right: auto;\"><img decoding=\"async\" src=\"https:\/\/blogger.googleusercontent.com\/img\/b\/R29vZ2xl\/AVvXsEhtJKT1cNyEQ2peraDWKiXYrSM-AO4JHXq5jbqaJLgyjAmwBLAD_Mz6paHlozng1AwYJR_bPyMF8H61sZF1ByYXohiC8G5bSrQKu8f27C82b2yND5-_u_0hpdNxr-_MkscTlbu3Wg\/s2048\/proxecto+bic+Torre+1995+2.png\" \/><\/a><\/td>\n<\/tr>\n<tr>\n<td class=\"tr-caption\" style=\"text-align: center;\"><a href=\"http:\/\/ribadeando.blogspot.com.es\/2016\/03\/camino-o-centenario-da-torre-dos-moreno.html\">Proxecto de BIC para a zona da Torre dos Moreno en 1995<\/a>. IBI importante, e centenario, xa.<\/td>\n<\/tr>\n<\/tbody>\n<\/table>\n","protected":false},"excerpt":{"rendered":"<p>Iso \u00e9 o que se desprende do censo de inmobles no concello. Case 10 000 habitantes, case 10 000 inmobles. A valoraci\u00f3n total sobe algo de 300 000 000 \u20ac, o que da, de media, algo m\u00e1is de 30 000 \u20ac de valor catastral por cada inmoble. Ou por cada ribadense. Algo menos de 2 [&hellip;]<\/p>\n","protected":false},"author":3,"featured_media":0,"comment_status":"open","ping_status":"closed","sticky":false,"template":"","format":"standard","meta":{"activitypub_content_warning":"","activitypub_content_visibility":"","activitypub_max_image_attachments":3,"activitypub_interaction_policy_quote":"anyone","activitypub_status":"federate","footnotes":""},"categories":[1],"tags":[65,21,42,58],"class_list":["post-5594","post","type-post","status-publish","format-standard","hentry","category-sen-categoria","tag-arquitectura","tag-economia","tag-plenos","tag-torre-dos-moreno"],"_links":{"self":[{"href":"https:\/\/blogs.amarinha.gal\/ribadeando\/wp-json\/wp\/v2\/posts\/5594","targetHints":{"allow":["GET"]}}],"collection":[{"href":"https:\/\/blogs.amarinha.gal\/ribadeando\/wp-json\/wp\/v2\/posts"}],"about":[{"href":"https:\/\/blogs.amarinha.gal\/ribadeando\/wp-json\/wp\/v2\/types\/post"}],"author":[{"embeddable":true,"href":"https:\/\/blogs.amarinha.gal\/ribadeando\/wp-json\/wp\/v2\/users\/3"}],"replies":[{"embeddable":true,"href":"https:\/\/blogs.amarinha.gal\/ribadeando\/wp-json\/wp\/v2\/comments?post=5594"}],"version-history":[{"count":0,"href":"https:\/\/blogs.amarinha.gal\/ribadeando\/wp-json\/wp\/v2\/posts\/5594\/revisions"}],"wp:attachment":[{"href":"https:\/\/blogs.amarinha.gal\/ribadeando\/wp-json\/wp\/v2\/media?parent=5594"}],"wp:term":[{"taxonomy":"category","embeddable":true,"href":"https:\/\/blogs.amarinha.gal\/ribadeando\/wp-json\/wp\/v2\/categories?post=5594"},{"taxonomy":"post_tag","embeddable":true,"href":"https:\/\/blogs.amarinha.gal\/ribadeando\/wp-json\/wp\/v2\/tags?post=5594"}],"curies":[{"name":"wp","href":"https:\/\/api.w.org\/{rel}","templated":true}]}}