{"id":5591,"date":"2018-01-25T23:16:00","date_gmt":"2018-01-25T22:16:00","guid":{"rendered":""},"modified":"2024-11-12T13:29:59","modified_gmt":"2024-11-12T12:29:59","slug":"a-estas-horas-o-concerto-xa-tina","status":"publish","type":"post","link":"https:\/\/blogs.amarinha.gal\/ribadeando\/2018\/01\/25\/a-estas-horas-o-concerto-xa-tina\/","title":{"rendered":"A estas horas, o concerto xa ti\u00f1a rematado"},"content":{"rendered":"<p>Unha nova banda, a Banda de M\u00fasica de Ribadeo, dera xa o primeiro concerto al\u00f3 polo 1992. Un video lembr\u00e1bao polo 20 aniversario.<\/p>\n<p><iframe loading=\"lazy\" width=\"320\" height=\"266\" class=\"YOUTUBE-iframe-video\" data-thumbnail-src=\"https:\/\/i.ytimg.com\/vi\/2FBF8GOeCAE\/0.jpg\" src=\"https:\/\/www.youtube.com\/embed\/2FBF8GOeCAE?feature=player_embedded\" frameborder=\"0\" allowfullscreen><\/iframe><\/p>\n","protected":false},"excerpt":{"rendered":"<p>Unha nova banda, a Banda de M\u00fasica de Ribadeo, dera xa o primeiro concerto al\u00f3 polo 1992. Un video lembr\u00e1bao polo 20 aniversario.<\/p>\n","protected":false},"author":3,"featured_media":0,"comment_status":"open","ping_status":"closed","sticky":false,"template":"","format":"standard","meta":{"activitypub_content_warning":"","activitypub_content_visibility":"","activitypub_max_image_attachments":3,"activitypub_interaction_policy_quote":"anyone","activitypub_status":"federated","footnotes":""},"categories":[1],"tags":[81],"class_list":["post-5591","post","type-post","status-publish","format-standard","hentry","category-sen-categoria","tag-banda"],"_links":{"self":[{"href":"https:\/\/blogs.amarinha.gal\/ribadeando\/wp-json\/wp\/v2\/posts\/5591","targetHints":{"allow":["GET"]}}],"collection":[{"href":"https:\/\/blogs.amarinha.gal\/ribadeando\/wp-json\/wp\/v2\/posts"}],"about":[{"href":"https:\/\/blogs.amarinha.gal\/ribadeando\/wp-json\/wp\/v2\/types\/post"}],"author":[{"embeddable":true,"href":"https:\/\/blogs.amarinha.gal\/ribadeando\/wp-json\/wp\/v2\/users\/3"}],"replies":[{"embeddable":true,"href":"https:\/\/blogs.amarinha.gal\/ribadeando\/wp-json\/wp\/v2\/comments?post=5591"}],"version-history":[{"count":0,"href":"https:\/\/blogs.amarinha.gal\/ribadeando\/wp-json\/wp\/v2\/posts\/5591\/revisions"}],"wp:attachment":[{"href":"https:\/\/blogs.amarinha.gal\/ribadeando\/wp-json\/wp\/v2\/media?parent=5591"}],"wp:term":[{"taxonomy":"category","embeddable":true,"href":"https:\/\/blogs.amarinha.gal\/ribadeando\/wp-json\/wp\/v2\/categories?post=5591"},{"taxonomy":"post_tag","embeddable":true,"href":"https:\/\/blogs.amarinha.gal\/ribadeando\/wp-json\/wp\/v2\/tags?post=5591"}],"curies":[{"name":"wp","href":"https:\/\/api.w.org\/{rel}","templated":true}]}}