{"id":5588,"date":"2018-01-29T07:59:00","date_gmt":"2018-01-29T06:59:00","guid":{"rendered":""},"modified":"2024-11-12T13:29:54","modified_gmt":"2024-11-12T12:29:54","slug":"un-sorriso-de-alzheimer-en-ribadeo","status":"publish","type":"post","link":"https:\/\/blogs.amarinha.gal\/ribadeando\/2018\/01\/29\/un-sorriso-de-alzheimer-en-ribadeo\/","title":{"rendered":"Un sorriso? de Alzheimer en Ribadeo"},"content":{"rendered":"<p>Pode interpretarse como co\u00f1a, como retranca&#8230; ou sinxelamente como un dato: no ano 2016, redondeando, a cuarta parte da poboaci\u00f3n ribadense ti\u00f1a m\u00e1is de 65 anos, despois de ir medrando a proporci\u00f3n \u00f3 atenuarse o fluxo migratorio de entrada, que permitira alg\u00fan tempo atr\u00e1s diminu\u00edr lixeiramente a porcentaxe. Copio unha frase dun artigo aparecido a semana pasada en eldiario.es, (&#8221;<em>Las ciudades de la demencia senil&#8217;: la respuesta de Jap\u00f3n ante el envejecimiento de su poblaci\u00f3n<\/em>&#8216;): &#8220;<em>Matsudo hab\u00eda centrado mucho antes su pol\u00edtica de bienestar en los servicios a personas que sufren demencia. Fue en 2010 y por una buena raz\u00f3n: cuando termine esta d\u00e9cada, m\u00e1s del 28% de las 480.000 personas de la ciudad tendr\u00e1 al menos 65 a\u00f1os.<\/em>&#8221; &#8230; e 1 de cada 5 maiores de 65 anos ter\u00e1 demencia senil, que non \u00e9 o mesmo que Alzheimer, mais \u00e9 parello. Trasladado a Ribadeo, hoxe, significa que estamos ante un problema dunhas 500 persoas, a quinta parte do 25% de maiores de 65 anos.<\/p>\n<p>En Xap\u00f3n hai anos que tentan atallar o problema con iniciativa (se se le o artigo citado, verase por onde van os tiros). Aqu\u00ed, esperando que a nova residencia (con capacidade conxunta, xunto coa vella, dunhas 100 persoas) parece que se atallara xa o problema mentres medra nos nosos narices. Al\u00ed, boa parte da soluci\u00f3n do problema pasa pola asociaci\u00f3n da propia poboaci\u00f3n, mais aqu\u00ed parece que o \u00fanico que progresa de xeito asociativo sen subvenci\u00f3n xenerosa son os partidos pol\u00edticos (con subvenci\u00f3n, podendo sacar proveito individual, xa \u00e9 outra cousa), e non hai subvenci\u00f3n para todo, hai demasiados pozos negros.<\/p>\n<table align=\"center\" cellpadding=\"0\" cellspacing=\"0\" class=\"tr-caption-container\" style=\"margin-left: auto; margin-right: auto; text-align: center;\">\n<tbody>\n<tr>\n<td style=\"text-align: center;\"><a href=\"https:\/\/blogger.googleusercontent.com\/img\/b\/R29vZ2xl\/AVvXsEiXIdI9AoafpvL4eS1se1lULM5ex0PXDeqQWhmSCEV1jmZaueFrEmZdLWr0mM8DPaP_nF78si_KWr0txZ_HUcABlTRV73PR8CQPhaBnWMuLIOzT4SB_b6wnrMWRa8hS_wDuMQXLEQ\/s2048\/396px-Auguste_D_aus_Marktbreit.jpg\" imageanchor=\"1\" style=\"margin-left: auto; margin-right: auto;\"><img decoding=\"async\" src=\"https:\/\/blogger.googleusercontent.com\/img\/b\/R29vZ2xl\/AVvXsEiXIdI9AoafpvL4eS1se1lULM5ex0PXDeqQWhmSCEV1jmZaueFrEmZdLWr0mM8DPaP_nF78si_KWr0txZ_HUcABlTRV73PR8CQPhaBnWMuLIOzT4SB_b6wnrMWRa8hS_wDuMQXLEQ\/s2048\/396px-Auguste_D_aus_Marktbreit.jpg\" \/><\/a><\/td>\n<\/tr>\n<tr>\n<td class=\"tr-caption\" style=\"text-align: center;\">Primeiro paciente identificado de Alzheimer. Foto no D.P.<\/td>\n<\/tr>\n<\/tbody>\n<\/table>\n","protected":false},"excerpt":{"rendered":"<p>Pode interpretarse como co\u00f1a, como retranca&#8230; ou sinxelamente como un dato: no ano 2016, redondeando, a cuarta parte da poboaci\u00f3n ribadense ti\u00f1a m\u00e1is de 65 anos, despois de ir medrando a proporci\u00f3n \u00f3 atenuarse o fluxo migratorio de entrada, que permitira alg\u00fan tempo atr\u00e1s diminu\u00edr lixeiramente a porcentaxe. Copio unha frase dun artigo aparecido a [&hellip;]<\/p>\n","protected":false},"author":3,"featured_media":0,"comment_status":"open","ping_status":"closed","sticky":false,"template":"","format":"standard","meta":{"activitypub_content_warning":"","activitypub_content_visibility":"","activitypub_max_image_attachments":3,"activitypub_interaction_policy_quote":"anyone","activitypub_status":"federated","footnotes":""},"categories":[1],"tags":[9],"class_list":["post-5588","post","type-post","status-publish","format-standard","hentry","category-sen-categoria","tag-sociedade"],"_links":{"self":[{"href":"https:\/\/blogs.amarinha.gal\/ribadeando\/wp-json\/wp\/v2\/posts\/5588","targetHints":{"allow":["GET"]}}],"collection":[{"href":"https:\/\/blogs.amarinha.gal\/ribadeando\/wp-json\/wp\/v2\/posts"}],"about":[{"href":"https:\/\/blogs.amarinha.gal\/ribadeando\/wp-json\/wp\/v2\/types\/post"}],"author":[{"embeddable":true,"href":"https:\/\/blogs.amarinha.gal\/ribadeando\/wp-json\/wp\/v2\/users\/3"}],"replies":[{"embeddable":true,"href":"https:\/\/blogs.amarinha.gal\/ribadeando\/wp-json\/wp\/v2\/comments?post=5588"}],"version-history":[{"count":0,"href":"https:\/\/blogs.amarinha.gal\/ribadeando\/wp-json\/wp\/v2\/posts\/5588\/revisions"}],"wp:attachment":[{"href":"https:\/\/blogs.amarinha.gal\/ribadeando\/wp-json\/wp\/v2\/media?parent=5588"}],"wp:term":[{"taxonomy":"category","embeddable":true,"href":"https:\/\/blogs.amarinha.gal\/ribadeando\/wp-json\/wp\/v2\/categories?post=5588"},{"taxonomy":"post_tag","embeddable":true,"href":"https:\/\/blogs.amarinha.gal\/ribadeando\/wp-json\/wp\/v2\/tags?post=5588"}],"curies":[{"name":"wp","href":"https:\/\/api.w.org\/{rel}","templated":true}]}}