{"id":5579,"date":"2018-02-09T07:56:00","date_gmt":"2018-02-09T06:56:00","guid":{"rendered":""},"modified":"2024-11-12T13:29:33","modified_gmt":"2024-11-12T12:29:33","slug":"ribadeo-o-77","status":"publish","type":"post","link":"https:\/\/blogs.amarinha.gal\/ribadeando\/2018\/02\/09\/ribadeo-o-77\/","title":{"rendered":"Ribadeo, \u00f3 77%"},"content":{"rendered":"<p>Hai un par de d\u00edas, aparec\u00eda no blog a entrada &#8216;<a href=\"https:\/\/ribadeando.blogspot.com.es\/2018\/02\/de-seguridade-incumprimentos-e-boas.html\">de seguridade, incumprimentos e boas intenci\u00f3ns<\/a>&#8216;. Hoxe, no xornal, pode verse unha informaci\u00f3n relacionada que apoia todo o al\u00ed dito. En concreto, dic\u00eda que soaban as promesas feitas &#8216;dende arriba&#8217; a algo repetido, e que o aumento da vixiancia nouturna en Ribadeo levaba esperando m\u00e1is dunha d\u00e9cada. Pois o que se pode ler hoxe no xornal \u00e9 que a plantilla da Garda Civil en Ribadeo est\u00e1 \u00f3 77 % (24 axentes de 31 postos de plantilla), tendo un posto sen cubrir na Polic\u00eda Local dende hai un mandato.<\/p>\n<p>Os datos, dados por un representante da Asociaci\u00f3n Unificada de Guardias Civiles (AUGC) diferencianse dos <a href=\"http:\/\/ribadeando.blogspot.com.es\/2017\/10\/sobre-garda-civil-na-marina.html\">datos proporcionados \u00e1 prensa polo xefe da Garda Civil na Mari\u00f1a hai uns meses<\/a>. Se ben naquel casol caso os n\u00fameros porporcionados atinx\u00edan a toda a Mari\u00f1a, vi\u00f1a a dicir que as carencias s\u00f3 chegaban \u00f3 10 % se non se contaba \u00f3s mandos, mentres que neste caso, o representante a nivel provincial da Asociaci\u00f3n manexa \u00f3 15 % de carencia na provincia. Como vimos \u00f3 comezo, en Ribadeo \u00e9 dun 23 %.<\/p>\n<p>A situaci\u00f3n de perigosidade na Mari\u00f1a en xeral \u00e9 boa, a pesar dos roubos. Niso coincide todo o mundo. En que as forzas policiais (G.C., non me gusta chamalas &#8216;de orde p\u00fablica&#8217;; traeme connotaci\u00f3ns de emprego da forza contra a xente) acoden al\u00ed onde se lles chama, sempre, tam\u00e9n coinciden mando e asociado. Pero, neste \u00faltimo caso, axusta &#8216;y eso es as\u00ed pese a ser los que menos cobramos&#8217;.<\/p>\n<p><a href=\"https:\/\/blogger.googleusercontent.com\/img\/b\/R29vZ2xl\/AVvXsEhcqwGgRvbfqTG9tVW0j3X7QSgBIzbIXP9A9GhpvD86CtFsqFpAqLFr5JVpsJw-yZx3q1NmP_XU0kXYSjUc1wAsUtGJt5hM6u9T-W_3hnYwa8GUK5Ng8vk8xfR6WOAODKCOKIYqRw\/s2048\/plantilla+GC.jpg\" imageanchor=\"1\" style=\"margin-left: 1em; margin-right: 1em;\"><img decoding=\"async\" src=\"https:\/\/blogger.googleusercontent.com\/img\/b\/R29vZ2xl\/AVvXsEhcqwGgRvbfqTG9tVW0j3X7QSgBIzbIXP9A9GhpvD86CtFsqFpAqLFr5JVpsJw-yZx3q1NmP_XU0kXYSjUc1wAsUtGJt5hM6u9T-W_3hnYwa8GUK5Ng8vk8xfR6WOAODKCOKIYqRw\/s2048\/plantilla+GC.jpg\" \/><\/a><\/p>\n","protected":false},"excerpt":{"rendered":"<p>Hai un par de d\u00edas, aparec\u00eda no blog a entrada &#8216;de seguridade, incumprimentos e boas intenci\u00f3ns&#8216;. Hoxe, no xornal, pode verse unha informaci\u00f3n relacionada que apoia todo o al\u00ed dito. En concreto, dic\u00eda que soaban as promesas feitas &#8216;dende arriba&#8217; a algo repetido, e que o aumento da vixiancia nouturna en Ribadeo levaba esperando m\u00e1is [&hellip;]<\/p>\n","protected":false},"author":3,"featured_media":0,"comment_status":"open","ping_status":"closed","sticky":false,"template":"","format":"standard","meta":{"activitypub_content_warning":"","activitypub_content_visibility":"","activitypub_max_image_attachments":3,"activitypub_interaction_policy_quote":"anyone","activitypub_status":"federate","footnotes":""},"categories":[1],"tags":[9],"class_list":["post-5579","post","type-post","status-publish","format-standard","hentry","category-sen-categoria","tag-sociedade"],"_links":{"self":[{"href":"https:\/\/blogs.amarinha.gal\/ribadeando\/wp-json\/wp\/v2\/posts\/5579","targetHints":{"allow":["GET"]}}],"collection":[{"href":"https:\/\/blogs.amarinha.gal\/ribadeando\/wp-json\/wp\/v2\/posts"}],"about":[{"href":"https:\/\/blogs.amarinha.gal\/ribadeando\/wp-json\/wp\/v2\/types\/post"}],"author":[{"embeddable":true,"href":"https:\/\/blogs.amarinha.gal\/ribadeando\/wp-json\/wp\/v2\/users\/3"}],"replies":[{"embeddable":true,"href":"https:\/\/blogs.amarinha.gal\/ribadeando\/wp-json\/wp\/v2\/comments?post=5579"}],"version-history":[{"count":0,"href":"https:\/\/blogs.amarinha.gal\/ribadeando\/wp-json\/wp\/v2\/posts\/5579\/revisions"}],"wp:attachment":[{"href":"https:\/\/blogs.amarinha.gal\/ribadeando\/wp-json\/wp\/v2\/media?parent=5579"}],"wp:term":[{"taxonomy":"category","embeddable":true,"href":"https:\/\/blogs.amarinha.gal\/ribadeando\/wp-json\/wp\/v2\/categories?post=5579"},{"taxonomy":"post_tag","embeddable":true,"href":"https:\/\/blogs.amarinha.gal\/ribadeando\/wp-json\/wp\/v2\/tags?post=5579"}],"curies":[{"name":"wp","href":"https:\/\/api.w.org\/{rel}","templated":true}]}}