{"id":5562,"date":"2018-03-01T14:31:00","date_gmt":"2018-03-01T13:31:00","guid":{"rendered":""},"modified":"2024-11-12T13:29:07","modified_gmt":"2024-11-12T12:29:07","slug":"vellas-persoas","status":"publish","type":"post","link":"https:\/\/blogs.amarinha.gal\/ribadeando\/2018\/03\/01\/vellas-persoas\/","title":{"rendered":"Vellas persoas"},"content":{"rendered":"<p>Hoxe voltou haber concentraci\u00f3n de xubilados nas escaleiras do concello. Xoves, \u00e1s 12&#8230; Ese foi o parecido coa <a href=\"http:\/\/ribadeando.blogspot.com.es\/2018\/02\/duas-novas-no-concello.html\">semana anterior<\/a>, pero vese unha multiplicaci\u00f3n de asistentes, que segundo algunha fonte, chegaron&nbsp; a ser perto de 150, comparable \u00f3 10% dos maiores de 65 anos que viven na capital do concello.<\/p>\n<p>Non sei o que ser\u00eda noutros lugares, mais en Ribadeo est\u00e1 a tomarse en serio a perda de poder e dereitos dos xubilados.<\/p>\n<table align=\"center\" cellpadding=\"0\" cellspacing=\"0\" class=\"tr-caption-container\" style=\"margin-left: auto; margin-right: auto; text-align: center;\">\n<tbody>\n<tr>\n<td style=\"text-align: center;\"><a href=\"https:\/\/blogger.googleusercontent.com\/img\/b\/R29vZ2xl\/AVvXsEgZx3XoSMCrDtMXs70NEFkT3ALUSF1LWQ54Cegg0we2EBqWR9X_VFRLr7x9vPMUpgg3_XgpVitgUrUjhb3TtwHFeFlhHd3Z6c7E8g8aDX_uXPFK77qJPK3G1-LyTkyp1wLerNIThg\/s2048\/20180301+xubilados.jpg\" imageanchor=\"1\" style=\"margin-left: auto; margin-right: auto;\"><img decoding=\"async\" src=\"https:\/\/blogger.googleusercontent.com\/img\/b\/R29vZ2xl\/AVvXsEgZx3XoSMCrDtMXs70NEFkT3ALUSF1LWQ54Cegg0we2EBqWR9X_VFRLr7x9vPMUpgg3_XgpVitgUrUjhb3TtwHFeFlhHd3Z6c7E8g8aDX_uXPFK77qJPK3G1-LyTkyp1wLerNIThg\/s2048\/20180301+xubilados.jpg\" \/><\/a><\/td>\n<\/tr>\n<tr>\n<td class=\"tr-caption\" style=\"text-align: center;\">Foto tomada por Carlos Cid<\/td>\n<\/tr>\n<\/tbody>\n<\/table>\n","protected":false},"excerpt":{"rendered":"<p>Hoxe voltou haber concentraci\u00f3n de xubilados nas escaleiras do concello. Xoves, \u00e1s 12&#8230; Ese foi o parecido coa semana anterior, pero vese unha multiplicaci\u00f3n de asistentes, que segundo algunha fonte, chegaron&nbsp; a ser perto de 150, comparable \u00f3 10% dos maiores de 65 anos que viven na capital do concello. Non sei o que ser\u00eda [&hellip;]<\/p>\n","protected":false},"author":3,"featured_media":0,"comment_status":"open","ping_status":"closed","sticky":false,"template":"","format":"standard","meta":{"activitypub_content_warning":"","activitypub_content_visibility":"","activitypub_max_image_attachments":3,"activitypub_interaction_policy_quote":"anyone","activitypub_status":"federated","footnotes":""},"categories":[1],"tags":[],"class_list":["post-5562","post","type-post","status-publish","format-standard","hentry","category-sen-categoria"],"_links":{"self":[{"href":"https:\/\/blogs.amarinha.gal\/ribadeando\/wp-json\/wp\/v2\/posts\/5562","targetHints":{"allow":["GET"]}}],"collection":[{"href":"https:\/\/blogs.amarinha.gal\/ribadeando\/wp-json\/wp\/v2\/posts"}],"about":[{"href":"https:\/\/blogs.amarinha.gal\/ribadeando\/wp-json\/wp\/v2\/types\/post"}],"author":[{"embeddable":true,"href":"https:\/\/blogs.amarinha.gal\/ribadeando\/wp-json\/wp\/v2\/users\/3"}],"replies":[{"embeddable":true,"href":"https:\/\/blogs.amarinha.gal\/ribadeando\/wp-json\/wp\/v2\/comments?post=5562"}],"version-history":[{"count":0,"href":"https:\/\/blogs.amarinha.gal\/ribadeando\/wp-json\/wp\/v2\/posts\/5562\/revisions"}],"wp:attachment":[{"href":"https:\/\/blogs.amarinha.gal\/ribadeando\/wp-json\/wp\/v2\/media?parent=5562"}],"wp:term":[{"taxonomy":"category","embeddable":true,"href":"https:\/\/blogs.amarinha.gal\/ribadeando\/wp-json\/wp\/v2\/categories?post=5562"},{"taxonomy":"post_tag","embeddable":true,"href":"https:\/\/blogs.amarinha.gal\/ribadeando\/wp-json\/wp\/v2\/tags?post=5562"}],"curies":[{"name":"wp","href":"https:\/\/api.w.org\/{rel}","templated":true}]}}