{"id":5560,"date":"2018-03-06T08:02:00","date_gmt":"2018-03-06T07:02:00","guid":{"rendered":""},"modified":"2024-11-12T13:28:58","modified_gmt":"2024-11-12T12:28:58","slug":"detalles-no-paseo-das-aceas","status":"publish","type":"post","link":"https:\/\/blogs.amarinha.gal\/ribadeando\/2018\/03\/06\/detalles-no-paseo-das-aceas\/","title":{"rendered":"Detalles no paseo das Aceas"},"content":{"rendered":"<p>Fotos para amosar cousas. O <a href=\"http:\/\/ribadeando.blogspot.com.es\/2017\/10\/de-subvencions-life-fluvial.html\">corte de eucaliptus e repoboamento de frondosas<\/a> na zona do <a href=\"http:\/\/ribadeando.blogspot.com.es\/search?q=Costal\">Costal<\/a> permite fotos que posiblemente non ser\u00e1n repetibles dentro duns anos. E cousas como a <a href=\"http:\/\/ribadeando.blogspot.com.es\/search?q=Ostras\">invasi\u00f3n de ostras<\/a>, que xa chega \u00e1s <a href=\"http:\/\/ribadeando.blogspot.com.es\/search?q=Aceas\">Aceas<\/a>, tam\u00e9n.<\/p>\n<p><a href=\"https:\/\/blogger.googleusercontent.com\/img\/b\/R29vZ2xl\/AVvXsEggfLDovB-kjUuyC2V8ULTk09VHxdGe24hOM7K0W5Ef8Xse5FcmYFBCicAspW32YkLS7FCOcPT-TzkBFSWUmYLPRwjJfyFet-K2b3p9TVLyoc_JSDKVDxy7sTvlSdpXq0YlCHT0bg\/s2048\/as+Aceas+en+baixa.jpg\" imageanchor=\"1\" style=\"margin-left: 1em; margin-right: 1em;\"><img decoding=\"async\" src=\"https:\/\/blogger.googleusercontent.com\/img\/b\/R29vZ2xl\/AVvXsEggfLDovB-kjUuyC2V8ULTk09VHxdGe24hOM7K0W5Ef8Xse5FcmYFBCicAspW32YkLS7FCOcPT-TzkBFSWUmYLPRwjJfyFet-K2b3p9TVLyoc_JSDKVDxy7sTvlSdpXq0YlCHT0bg\/s2048\/as+Aceas+en+baixa.jpg\" \/><\/a><\/p>\n<p>&nbsp;<a href=\"https:\/\/www.openstreetmap.org\/#map=16\/43.5191\/-7.0528\">As Aceas<\/a>, en baixa, vista dende o paseo.<\/p>\n<p><a href=\"https:\/\/blogger.googleusercontent.com\/img\/b\/R29vZ2xl\/AVvXsEhk5lkbCfoYNw46U8JWOhX89UC2BXYEPcP12Y-58kEqnnWKHwylrS1nDsTwSxrAu84mF4UIPHwTyCErJzLoY1B8zVyks7wK8dnxGbP4xOaJppSmmCqDSk0vkEgTisdcdKuAbP-G5Q\/s2048\/enseada+das+Aceas+con+Castropolo+%25C3%25B3+fondo.jpg\" imageanchor=\"1\" style=\"margin-left: 1em; margin-right: 1em;\"><img decoding=\"async\" src=\"https:\/\/blogger.googleusercontent.com\/img\/b\/R29vZ2xl\/AVvXsEhk5lkbCfoYNw46U8JWOhX89UC2BXYEPcP12Y-58kEqnnWKHwylrS1nDsTwSxrAu84mF4UIPHwTyCErJzLoY1B8zVyks7wK8dnxGbP4xOaJppSmmCqDSk0vkEgTisdcdKuAbP-G5Q\/s2048\/enseada+das+Aceas+con+Castropolo+%25C3%25B3+fondo.jpg\" \/><\/a><\/p>\n<p>&nbsp;Surco e meandros formados polo desaugue do encoro das Aceas, con Castropol \u00f3 fondo.<\/p>\n<p><a href=\"https:\/\/blogger.googleusercontent.com\/img\/b\/R29vZ2xl\/AVvXsEiNqbpTT4pBhlhrdMM1-KDTg5NpWhoKq7GXCSxpA3_Sf1TeUFs8WiLJYaDE_xEWTpXxyBxFNiExxUEuefW_3hFd_LNFsUtKBY_zDtHWsNpZiCOs1_8c4GuSeFilK-cr5AdIlX-OmA\/s2048\/enseada+interior+das+Aceas+en+baixa.jpg\" imageanchor=\"1\" style=\"margin-left: 1em; margin-right: 1em;\"><img decoding=\"async\" src=\"https:\/\/blogger.googleusercontent.com\/img\/b\/R29vZ2xl\/AVvXsEiNqbpTT4pBhlhrdMM1-KDTg5NpWhoKq7GXCSxpA3_Sf1TeUFs8WiLJYaDE_xEWTpXxyBxFNiExxUEuefW_3hFd_LNFsUtKBY_zDtHWsNpZiCOs1_8c4GuSeFilK-cr5AdIlX-OmA\/s2048\/enseada+interior+das+Aceas+en+baixa.jpg\" \/><\/a><\/p>\n<p>&nbsp;Interior do encoro das Aceas en baixa.<\/p>\n<p><a href=\"https:\/\/blogger.googleusercontent.com\/img\/b\/R29vZ2xl\/AVvXsEjtHvgNoXc9ap4oiNJt8zJnfsdQt7OafsFyuaFT1Px_LlB4Iht8lbwlT9IBkIJZwfVSTwr45bClwVd2NzQQCeb7KnXbLww7JTqyNIlU-ExMqvo0XXp9QfW-kji7f_rfzWrEj68bpQ\/s2048\/mexil%25C3%25B3ns+no+encoro+das+Aceas.jpg\" imageanchor=\"1\" style=\"margin-left: 1em; margin-right: 1em;\"><img decoding=\"async\" src=\"https:\/\/blogger.googleusercontent.com\/img\/b\/R29vZ2xl\/AVvXsEjtHvgNoXc9ap4oiNJt8zJnfsdQt7OafsFyuaFT1Px_LlB4Iht8lbwlT9IBkIJZwfVSTwr45bClwVd2NzQQCeb7KnXbLww7JTqyNIlU-ExMqvo0XXp9QfW-kji7f_rfzWrEj68bpQ\/s2048\/mexil%25C3%25B3ns+no+encoro+das+Aceas.jpg\" \/><\/a><\/p>\n<p>&nbsp;Racimos de mexil\u00f3ns no interior das Aceas.<\/p>\n<p><a href=\"https:\/\/blogger.googleusercontent.com\/img\/b\/R29vZ2xl\/AVvXsEhO5qvwdutopPSdY4gd_QDhREILmhhKLu1ObFv4T8eO3gdv-_W6Isu_CX0PQ8JsjDWntgdA7Y43IMigCxhjHexJb1qQIjAwIFj4FGU7KT-sbN7QD1VJ69a3BMt4kGi-kW5afswmXQ\/s2048\/Ostras+invasoras+nas+Aceas.jpg\" imageanchor=\"1\" style=\"margin-left: 1em; margin-right: 1em;\"><img loading=\"lazy\" decoding=\"async\" height=\"480\" src=\"https:\/\/blogger.googleusercontent.com\/img\/b\/R29vZ2xl\/AVvXsEhO5qvwdutopPSdY4gd_QDhREILmhhKLu1ObFv4T8eO3gdv-_W6Isu_CX0PQ8JsjDWntgdA7Y43IMigCxhjHexJb1qQIjAwIFj4FGU7KT-sbN7QD1VJ69a3BMt4kGi-kW5afswmXQ\/s2048\/Ostras+invasoras+nas+Aceas.jpg\" width=\"640\" \/><\/a><\/p>\n<p>&nbsp;Ostras invasoras colonizando o edificio do mu\u00ed\u00f1o das Aceas.<\/p>\n<p><a href=\"https:\/\/blogger.googleusercontent.com\/img\/b\/R29vZ2xl\/AVvXsEiC3c3aJtrKulNSSHNGxcBjVGd_x7M5kwfYjwFlnQGqLq2s-u6xJIQkqhc62ImOzR748EHXKBSPJH2r-nNVxrRfMGHFIJC3ejod0PWeRUUkH2_TQlE40CyqxzALbNXPzae_CyNhuA\/s2048\/surcos+nas+Aceas.jpg\" imageanchor=\"1\" style=\"margin-left: 1em; margin-right: 1em;\"><img decoding=\"async\" src=\"https:\/\/blogger.googleusercontent.com\/img\/b\/R29vZ2xl\/AVvXsEiC3c3aJtrKulNSSHNGxcBjVGd_x7M5kwfYjwFlnQGqLq2s-u6xJIQkqhc62ImOzR748EHXKBSPJH2r-nNVxrRfMGHFIJC3ejod0PWeRUUkH2_TQlE40CyqxzALbNXPzae_CyNhuA\/s2048\/surcos+nas+Aceas.jpg\" \/><\/a><\/p>\n<p>&nbsp;Zona norte da enseada das Aceas.<\/p>\n<p><a href=\"https:\/\/blogger.googleusercontent.com\/img\/b\/R29vZ2xl\/AVvXsEikwrNlKKMoqTyab5885hnIa210OxGYLZCDGZYtLc7goDvJY54o-Xe0n6sckYswC6_wQUUA9VYfa87zU8dJWWv7Bx5EY5dGAp2CExbS7lb2duy_5BWJYkTQCnXN712y5b3e-VPDtA\/s2048\/torrente+nas+Aceas+en+baixa.jpg\" imageanchor=\"1\" style=\"margin-left: 1em; margin-right: 1em;\"><img decoding=\"async\" src=\"https:\/\/blogger.googleusercontent.com\/img\/b\/R29vZ2xl\/AVvXsEikwrNlKKMoqTyab5885hnIa210OxGYLZCDGZYtLc7goDvJY54o-Xe0n6sckYswC6_wQUUA9VYfa87zU8dJWWv7Bx5EY5dGAp2CExbS7lb2duy_5BWJYkTQCnXN712y5b3e-VPDtA\/s2048\/torrente+nas+Aceas+en+baixa.jpg\" \/><\/a><\/p>\n<p>&nbsp;Encoro e construci\u00f3ns de mu\u00ed\u00f1os nas Aceas. Torrente de sa\u00edda de auga do encoro.<\/p>\n<p><a href=\"https:\/\/blogger.googleusercontent.com\/img\/b\/R29vZ2xl\/AVvXsEhPh4aRiJlHeLzUTxyRAlIfXwPc8EIhyosxsUK_Pkt4QwasOSS7BDk5atYWzwYUszytEX_1xb0h460QqYw3SK_SulV56Pi9GYfYmQcxj0F3R1_KKy3-D6nLVOon42Y4iB5oyWc_eA\/s2048\/canle+da+Vilavella+en+baixa.jpg\" imageanchor=\"1\" style=\"margin-left: 1em; margin-right: 1em;\"><img decoding=\"async\" src=\"https:\/\/blogger.googleusercontent.com\/img\/b\/R29vZ2xl\/AVvXsEhPh4aRiJlHeLzUTxyRAlIfXwPc8EIhyosxsUK_Pkt4QwasOSS7BDk5atYWzwYUszytEX_1xb0h460QqYw3SK_SulV56Pi9GYfYmQcxj0F3R1_KKy3-D6nLVOon42Y4iB5oyWc_eA\/s2048\/canle+da+Vilavella+en+baixa.jpg\" \/><\/a><\/p>\n<p>&nbsp;Canle da Vilavella-Mirasol.<\/p>\n<p><a href=\"https:\/\/blogger.googleusercontent.com\/img\/b\/R29vZ2xl\/AVvXsEjVPQzeC8j5uT9p7SMeiIHmdJpV2b6nrPPIqITP4gn2A4eVIWlaksA4Rf-bHJoVF1oJKpDz2FrYAzC24_nNlMkxL6PB5Ch8NSIG4kHzcKnwFjyt4FS7vr7ZNOwztMLMnIlNx2OSuw\/s2048\/parcelas+de+cultivos+na+costa+do+costal.jpg\" imageanchor=\"1\" style=\"margin-left: 1em; margin-right: 1em;\"><img decoding=\"async\" src=\"https:\/\/blogger.googleusercontent.com\/img\/b\/R29vZ2xl\/AVvXsEjVPQzeC8j5uT9p7SMeiIHmdJpV2b6nrPPIqITP4gn2A4eVIWlaksA4Rf-bHJoVF1oJKpDz2FrYAzC24_nNlMkxL6PB5Ch8NSIG4kHzcKnwFjyt4FS7vr7ZNOwztMLMnIlNx2OSuw\/s2048\/parcelas+de+cultivos+na+costa+do+costal.jpg\" \/><\/a><\/p>\n<p>&nbsp;Parcelas de cultivos mari\u00f1os abandoadas na costa do Costal.<\/p>\n<p><a href=\"https:\/\/blogger.googleusercontent.com\/img\/b\/R29vZ2xl\/AVvXsEgKWJcytKqzRZDIHJMnHG5OXu1cyQAxTbuh5d2IEO_qbb2iKQJDviHonlZyskDoicD3Z59AHyjT3HPyKGkWTfkXxLSq8mWcX8dstHInxCXoRYhilQN4PvzbfV2MgMrZusJhEToozw\/s2048\/tes%25C3%25B3ns+da+Vilavella+e+Mirasol+unidos.jpg\" imageanchor=\"1\" style=\"margin-left: 1em; margin-right: 1em;\"><img decoding=\"async\" src=\"https:\/\/blogger.googleusercontent.com\/img\/b\/R29vZ2xl\/AVvXsEgKWJcytKqzRZDIHJMnHG5OXu1cyQAxTbuh5d2IEO_qbb2iKQJDviHonlZyskDoicD3Z59AHyjT3HPyKGkWTfkXxLSq8mWcX8dstHInxCXoRYhilQN4PvzbfV2MgMrZusJhEToozw\/s2048\/tes%25C3%25B3ns+da+Vilavella+e+Mirasol+unidos.jpg\" \/><\/a><\/p>\n<p>&nbsp;Tes\u00f3ns de Vilavella e Mirasol, unidos. Mirasol, as Figueiras e Castropol.<\/p>\n<p><a href=\"https:\/\/blogger.googleusercontent.com\/img\/b\/R29vZ2xl\/AVvXsEhpI53LqxddKdcIzdb-yFAXfwBmI3erlz5X86Rr_39WYb1A6lkNw6NE_eTFZUF2kA65brdscuqQRyO-Pt_JjshmVOw1UtGYEkRfxKjUWM2a56PhPkDc8zc9qMkJ74Spuxl1Cnqpzg\/s2048\/rodas+na+Vilavella.jpg\" imageanchor=\"1\" style=\"margin-left: 1em; margin-right: 1em;\"><img decoding=\"async\" src=\"https:\/\/blogger.googleusercontent.com\/img\/b\/R29vZ2xl\/AVvXsEhpI53LqxddKdcIzdb-yFAXfwBmI3erlz5X86Rr_39WYb1A6lkNw6NE_eTFZUF2kA65brdscuqQRyO-Pt_JjshmVOw1UtGYEkRfxKjUWM2a56PhPkDc8zc9qMkJ74Spuxl1Cnqpzg\/s2048\/rodas+na+Vilavella.jpg\" \/><\/a><\/p>\n<p>&nbsp;Rodas na Vilavella.<\/p>\n","protected":false},"excerpt":{"rendered":"<p>Fotos para amosar cousas. O corte de eucaliptus e repoboamento de frondosas na zona do Costal permite fotos que posiblemente non ser\u00e1n repetibles dentro duns anos. E cousas como a invasi\u00f3n de ostras, que xa chega \u00e1s Aceas, tam\u00e9n. &nbsp;As Aceas, en baixa, vista dende o paseo. &nbsp;Surco e meandros formados polo desaugue do encoro [&hellip;]<\/p>\n","protected":false},"author":3,"featured_media":0,"comment_status":"open","ping_status":"closed","sticky":false,"template":"","format":"standard","meta":{"activitypub_content_warning":"","activitypub_content_visibility":"","activitypub_max_image_attachments":3,"activitypub_interaction_policy_quote":"anyone","activitypub_status":"federate","footnotes":""},"categories":[1],"tags":[103,57,26],"class_list":["post-5560","post","type-post","status-publish","format-standard","hentry","category-sen-categoria","tag-fotos","tag-fotos-ria-de-ribadeo","tag-medio"],"_links":{"self":[{"href":"https:\/\/blogs.amarinha.gal\/ribadeando\/wp-json\/wp\/v2\/posts\/5560","targetHints":{"allow":["GET"]}}],"collection":[{"href":"https:\/\/blogs.amarinha.gal\/ribadeando\/wp-json\/wp\/v2\/posts"}],"about":[{"href":"https:\/\/blogs.amarinha.gal\/ribadeando\/wp-json\/wp\/v2\/types\/post"}],"author":[{"embeddable":true,"href":"https:\/\/blogs.amarinha.gal\/ribadeando\/wp-json\/wp\/v2\/users\/3"}],"replies":[{"embeddable":true,"href":"https:\/\/blogs.amarinha.gal\/ribadeando\/wp-json\/wp\/v2\/comments?post=5560"}],"version-history":[{"count":0,"href":"https:\/\/blogs.amarinha.gal\/ribadeando\/wp-json\/wp\/v2\/posts\/5560\/revisions"}],"wp:attachment":[{"href":"https:\/\/blogs.amarinha.gal\/ribadeando\/wp-json\/wp\/v2\/media?parent=5560"}],"wp:term":[{"taxonomy":"category","embeddable":true,"href":"https:\/\/blogs.amarinha.gal\/ribadeando\/wp-json\/wp\/v2\/categories?post=5560"},{"taxonomy":"post_tag","embeddable":true,"href":"https:\/\/blogs.amarinha.gal\/ribadeando\/wp-json\/wp\/v2\/tags?post=5560"}],"curies":[{"name":"wp","href":"https:\/\/api.w.org\/{rel}","templated":true}]}}