{"id":5559,"date":"2018-03-07T07:49:00","date_gmt":"2018-03-07T06:49:00","guid":{"rendered":""},"modified":"2024-11-12T13:28:56","modified_gmt":"2024-11-12T12:28:56","slug":"o-dia-sete-antes-do-oito","status":"publish","type":"post","link":"https:\/\/blogs.amarinha.gal\/ribadeando\/2018\/03\/07\/o-dia-sete-antes-do-oito\/","title":{"rendered":"O d\u00eda sete, antes do oito"},"content":{"rendered":"<p>Sete de marzo, o d\u00eda antes do oito. Este ano, coido que toda a sociedade se enterou de que ma\u00f1\u00e1, d\u00eda oito, hai &#8216;<a href=\"http:\/\/ribadeando.blogspot.com.es\/2018\/03\/a-unha-semana-da-folga-feminista.html\">algo como unha folga<\/a>&#8216;. Que moita xente non f\u00f3ra moito m\u00e1is al\u00f3 en parte d\u00e9bese \u00e1 diferencia de convocatorias, e en parte, \u00f3 contraataque dos poderes sorprendidos polo alcance que \u00eda tomando a cousa. E \u00e9 que \u00f3 final resulta que non hai uni\u00f3n na convocatoria, a\u00ednda que si nas intenci\u00f3ns.<\/p>\n<p>Quizais a forma de convocatoria da folga feminista que m\u00e1is se est\u00e1 a estender por estes lares \u00e9 a que deixo na imaxe, que tomo da convocatoria do CIM ribadense:<\/p>\n<p><a href=\"https:\/\/blogger.googleusercontent.com\/img\/b\/R29vZ2xl\/AVvXsEhZ0eW-cqxJpGciyerplR8955e7rsoUkYSQW7rt1tl42Q_yuCmO3H1the25HgRjCmVte25vkxHcl6LerSk4oewLL74RuKDfRGuzgdfaRgoJmrFiG9UejHgMTicpKEjX257KeGCUBw\/s2048\/folga+xeral+feminista.jpg\" imageanchor=\"1\" style=\"margin-left: 1em; margin-right: 1em;\"><img decoding=\"async\" src=\"https:\/\/blogger.googleusercontent.com\/img\/b\/R29vZ2xl\/AVvXsEhZ0eW-cqxJpGciyerplR8955e7rsoUkYSQW7rt1tl42Q_yuCmO3H1the25HgRjCmVte25vkxHcl6LerSk4oewLL74RuKDfRGuzgdfaRgoJmrFiG9UejHgMTicpKEjX257KeGCUBw\/s2048\/folga+xeral+feminista.jpg\" \/><\/a><\/p>\n<p>E ma\u00f1\u00e1 ser\u00e1 o d\u00eda. <a href=\"http:\/\/ribadeando.blogspot.com.es\/2018\/03\/a-unha-semana-da-folga-feminista.html\">Sobre a participaci\u00f3n dos homes, xa te\u00f1o falado<\/a>. E, coido, este ano tam\u00e9n se falar\u00e1 despois do 8M, a diferencia de anos anteriores nos que pasaba desapercibido.&nbsp; Por certo que \u00e1 vista da evoluci\u00f3n das protestas de xubilados, e agoda da folga feminista, m\u00e1is algunhas protestas m\u00e1is localizadas que se est\u00e1n a dar por diversos motivos, este ano, 2018, pode ser un ano memorable de repunte da loita cidad\u00e1&#8230;<\/p>\n","protected":false},"excerpt":{"rendered":"<p>Sete de marzo, o d\u00eda antes do oito. Este ano, coido que toda a sociedade se enterou de que ma\u00f1\u00e1, d\u00eda oito, hai &#8216;algo como unha folga&#8216;. Que moita xente non f\u00f3ra moito m\u00e1is al\u00f3 en parte d\u00e9bese \u00e1 diferencia de convocatorias, e en parte, \u00f3 contraataque dos poderes sorprendidos polo alcance que \u00eda tomando [&hellip;]<\/p>\n","protected":false},"author":3,"featured_media":0,"comment_status":"open","ping_status":"closed","sticky":false,"template":"","format":"standard","meta":{"activitypub_content_warning":"","activitypub_content_visibility":"","activitypub_max_image_attachments":3,"activitypub_interaction_policy_quote":"anyone","activitypub_status":"federate","footnotes":""},"categories":[1],"tags":[9],"class_list":["post-5559","post","type-post","status-publish","format-standard","hentry","category-sen-categoria","tag-sociedade"],"_links":{"self":[{"href":"https:\/\/blogs.amarinha.gal\/ribadeando\/wp-json\/wp\/v2\/posts\/5559","targetHints":{"allow":["GET"]}}],"collection":[{"href":"https:\/\/blogs.amarinha.gal\/ribadeando\/wp-json\/wp\/v2\/posts"}],"about":[{"href":"https:\/\/blogs.amarinha.gal\/ribadeando\/wp-json\/wp\/v2\/types\/post"}],"author":[{"embeddable":true,"href":"https:\/\/blogs.amarinha.gal\/ribadeando\/wp-json\/wp\/v2\/users\/3"}],"replies":[{"embeddable":true,"href":"https:\/\/blogs.amarinha.gal\/ribadeando\/wp-json\/wp\/v2\/comments?post=5559"}],"version-history":[{"count":0,"href":"https:\/\/blogs.amarinha.gal\/ribadeando\/wp-json\/wp\/v2\/posts\/5559\/revisions"}],"wp:attachment":[{"href":"https:\/\/blogs.amarinha.gal\/ribadeando\/wp-json\/wp\/v2\/media?parent=5559"}],"wp:term":[{"taxonomy":"category","embeddable":true,"href":"https:\/\/blogs.amarinha.gal\/ribadeando\/wp-json\/wp\/v2\/categories?post=5559"},{"taxonomy":"post_tag","embeddable":true,"href":"https:\/\/blogs.amarinha.gal\/ribadeando\/wp-json\/wp\/v2\/tags?post=5559"}],"curies":[{"name":"wp","href":"https:\/\/api.w.org\/{rel}","templated":true}]}}