{"id":5549,"date":"2018-03-21T08:03:00","date_gmt":"2018-03-21T07:03:00","guid":{"rendered":""},"modified":"2024-11-12T13:28:40","modified_gmt":"2024-11-12T12:28:40","slug":"o-sabado-30-de-abril-de-2016-amadores","status":"publish","type":"post","link":"https:\/\/blogs.amarinha.gal\/ribadeando\/2018\/03\/21\/o-sabado-30-de-abril-de-2016-amadores\/","title":{"rendered":"Dous anos, unha nova directiva para Amadores sen difusi\u00f3n"},"content":{"rendered":"<p><a href=\"http:\/\/ribadeando.blogspot.com.es\/2016\/04\/amadores-da-musica-o-traballo.html\">O s\u00e1bado 30 de abril de 2016 Amadores da M\u00fasica, a sociedade casa da Banda de M\u00fasica de Ribadeo, ti\u00f1a unha nova directiva<\/a>. O s\u00e1bado 10 de marzo de 2018, Amadores renovou a s\u00faa directiva.<\/p>\n<p>De xeito sorprendente sendo dende hai anos unha das sociedades maiores de Ribadeo, non vin nada na prensa. Tampouco na s\u00faa <a href=\"http:\/\/www.bandamusicaribadeo.org\/directivos\">web<\/a>, onde a\u00ednda aparece a directiva anterior como actual. Un amigo pasoume a composici\u00f3n da nova directiva, que po\u00f1o en comparaci\u00f3n coa anterior, esperando non se me pasara ning\u00fan erro:<\/p>\n<table border=\"0\" cellspacing=\"0\">\n<colgroup width=\"300\"><\/colgroup>\n<colgroup width=\"300\"><\/colgroup>\n<tbody>\n<tr>\n<td align=\"left\" height=\"17\">2017<\/td>\n<td align=\"left\">2018<\/td>\n<\/tr>\n<tr>\n<td align=\"left\" height=\"17\"><span style=\"font-family: &quot;liberation&quot; serif;\">*<strong>Presidente<\/strong>:<\/span><\/td>\n<td align=\"left\"><span style=\"font-family: &quot;liberation&quot; serif;\">*<strong>Presidente:<\/strong><\/span><\/td>\n<\/tr>\n<tr>\n<td align=\"left\" height=\"17\"><span style=\"font-family: &quot;liberation&quot; serif;\">Chema Su\u00e1rez Garc\u00eda<\/span><\/td>\n<td align=\"left\"><span style=\"font-family: &quot;liberation&quot; serif;\">Elisa \u00c1lvarez Amor<\/span><\/td>\n<\/tr>\n<tr>\n<td align=\"left\" height=\"17\"><span style=\"font-family: &quot;liberation&quot; serif;\">*<strong>Vicepresidente:<\/strong><\/span><\/td>\n<td align=\"left\"><span style=\"font-family: &quot;liberation&quot; serif;\">*<strong>Vicepresidente:<\/strong><\/span><\/td>\n<\/tr>\n<tr>\n<td align=\"left\" height=\"17\"><span style=\"font-family: &quot;liberation&quot; serif;\">Diego Vizoso Castro<\/span><\/td>\n<td align=\"left\"><span style=\"font-family: &quot;liberation&quot; serif;\">Chema Su\u00e1rez Garc\u00eda<\/span><\/td>\n<\/tr>\n<tr>\n<td align=\"left\" height=\"17\"><span style=\"font-family: &quot;liberation&quot; serif;\">*<strong>Tesoureiro:<\/strong><\/span><\/td>\n<td align=\"left\"><span style=\"font-family: &quot;liberation&quot; serif;\">*<strong>Tesoureiro:<\/strong><\/span><\/td>\n<\/tr>\n<tr>\n<td align=\"left\" height=\"17\"><span style=\"font-family: &quot;liberation&quot; serif;\">Jos\u00e9 \u00c1ngel Bola\u00f1o Penelo<\/span><\/td>\n<td align=\"left\"><span style=\"font-family: &quot;liberation&quot; serif;\">Jos\u00e9 \u00c1ngel Bola\u00f1o Penelo<\/span><\/td>\n<\/tr>\n<tr>\n<td align=\"left\" height=\"17\"><span style=\"font-family: &quot;liberation&quot; serif;\">*<strong>Secretario:<\/strong><\/span><\/td>\n<td align=\"left\"><span style=\"font-family: &quot;liberation&quot; serif;\">*<strong>Secretario:<\/strong><\/span><\/td>\n<\/tr>\n<tr>\n<td align=\"left\" height=\"17\"><span style=\"font-family: &quot;liberation&quot; serif;\">Javier Abell\u00e1n Torralba<\/span><\/td>\n<td align=\"left\"><span style=\"font-family: &quot;liberation&quot; serif;\">Javier Abell\u00e1n Torralba<\/span><\/td>\n<\/tr>\n<tr>\n<td align=\"left\" height=\"17\"><span style=\"font-family: &quot;liberation&quot; serif;\">*<strong>Responsable de Material:<\/strong><\/span><\/td>\n<td align=\"left\"><span style=\"font-family: &quot;liberation&quot; serif;\">*<strong>Responsable de Material:<\/strong><\/span><\/td>\n<\/tr>\n<tr>\n<td align=\"left\" height=\"17\"><span style=\"font-family: &quot;liberation&quot; serif;\">Alberte Chao Penabad<\/span><\/td>\n<td align=\"left\"><span style=\"font-family: &quot;liberation&quot; serif;\">Alberte Chao Penabad<\/span><\/td>\n<\/tr>\n<tr>\n<td align=\"left\" height=\"17\"><span style=\"font-family: &quot;liberation&quot; serif;\">*<strong>Departamento t\u00e9cnico:<\/strong><\/span><\/td>\n<td align=\"left\"><span style=\"font-family: &quot;liberation&quot; serif;\">*<strong>Departamento t\u00e9cnico:<\/strong><\/span><\/td>\n<\/tr>\n<tr>\n<td align=\"left\" height=\"17\"><span style=\"font-family: &quot;liberation&quot; serif;\">David Ballester Mart\u00ednez<\/span><\/td>\n<td align=\"left\"><span style=\"font-family: &quot;liberation&quot; serif;\">David Ballester Mart\u00ednez<\/span><\/td>\n<\/tr>\n<tr>\n<td align=\"left\" height=\"17\"><span style=\"font-family: &quot;liberation&quot; serif;\">*<strong>Vocais:<\/strong><\/span><\/td>\n<td align=\"left\"><span style=\"font-family: &quot;liberation&quot; serif;\">*<strong>Vocais:<\/strong><\/span><\/td>\n<\/tr>\n<tr>\n<td align=\"left\" height=\"17\"><span style=\"font-family: &quot;liberation&quot; serif;\">Luc\u00eda Exp\u00f3sito Mart\u00ednez<\/span><\/td>\n<td align=\"left\"><span style=\"font-family: &quot;liberation&quot; serif;\">Laura Izquierdo Rodriguez<\/span><\/td>\n<\/tr>\n<tr>\n<td align=\"left\" height=\"17\"><span style=\"font-family: &quot;liberation&quot; serif;\">Laura Izquierdo Rodriguez<\/span><\/td>\n<td align=\"left\"><span style=\"font-family: &quot;liberation&quot; serif;\">Alberto Clemente Avil\u00e9s<\/span><\/td>\n<\/tr>\n<tr>\n<td align=\"left\" height=\"17\"><span style=\"font-family: &quot;liberation&quot; serif;\">Alberto Clemente Avil\u00e9s<\/span><\/td>\n<td align=\"left\">Diego Vizoso Castro<\/td>\n<\/tr>\n<tr>\n<td align=\"left\" height=\"17\"><span style=\"font-family: &quot;liberation&quot; serif;\">Elisa \u00c1lvarez Amor<\/span><\/td>\n<td align=\"left\"><\/td>\n<\/tr>\n<tr>\n<td align=\"left\" height=\"17\"><span style=\"font-family: &quot;liberation&quot; serif;\">Mar\u00eda Teresa Mart\u00ednez Souto<\/span><\/td>\n<td align=\"left\">\n<\/td>\n<\/tr>\n<tr>\n<td align=\"left\" height=\"17\"><span style=\"font-family: &quot;liberation&quot; serif;\">Antonio Andina Penabad<\/span><\/td>\n<td align=\"left\"><\/td>\n<\/tr>\n<\/tbody>\n<\/table>\n<p>Duraci\u00f3n do mandato: dous anos.<\/p>\n<table align=\"center\" cellpadding=\"0\" cellspacing=\"0\" class=\"tr-caption-container\" style=\"margin-left: auto; margin-right: auto; text-align: center;\">\n<tbody>\n<tr>\n<td style=\"text-align: center;\"><a href=\"https:\/\/blogger.googleusercontent.com\/img\/b\/R29vZ2xl\/AVvXsEgy_XxcrSPw_ExOwarLTAR_BYsUL2HAPKevXYWNWV0Lm3O9xhUfvKIFkvVJ6xhWMyLdv3saqZV8LjgZrBSWix1PYCbhOv0Zx4Ljcv9-DfL4JG90dvrxWxBV0e4bIuJ01upRFIgveA\/s2048\/cartel+banda_.jpg\" imageanchor=\"1\" style=\"margin-left: auto; margin-right: auto;\"><img decoding=\"async\" src=\"https:\/\/blogger.googleusercontent.com\/img\/b\/R29vZ2xl\/AVvXsEgy_XxcrSPw_ExOwarLTAR_BYsUL2HAPKevXYWNWV0Lm3O9xhUfvKIFkvVJ6xhWMyLdv3saqZV8LjgZrBSWix1PYCbhOv0Zx4Ljcv9-DfL4JG90dvrxWxBV0e4bIuJ01upRFIgveA\/s2048\/cartel+banda_.jpg\" \/><\/a><\/td>\n<\/tr>\n<tr>\n<td class=\"tr-caption\" style=\"text-align: center;\">Cartel primeiro da banda.<\/td>\n<\/tr>\n<\/tbody>\n<\/table>\n","protected":false},"excerpt":{"rendered":"<p>O s\u00e1bado 30 de abril de 2016 Amadores da M\u00fasica, a sociedade casa da Banda de M\u00fasica de Ribadeo, ti\u00f1a unha nova directiva. O s\u00e1bado 10 de marzo de 2018, Amadores renovou a s\u00faa directiva. De xeito sorprendente sendo dende hai anos unha das sociedades maiores de Ribadeo, non vin nada na prensa. Tampouco na [&hellip;]<\/p>\n","protected":false},"author":3,"featured_media":0,"comment_status":"open","ping_status":"closed","sticky":false,"template":"","format":"standard","meta":{"activitypub_content_warning":"","activitypub_content_visibility":"","activitypub_max_image_attachments":3,"activitypub_interaction_policy_quote":"anyone","activitypub_status":"federated","footnotes":""},"categories":[1],"tags":[81],"class_list":["post-5549","post","type-post","status-publish","format-standard","hentry","category-sen-categoria","tag-banda"],"_links":{"self":[{"href":"https:\/\/blogs.amarinha.gal\/ribadeando\/wp-json\/wp\/v2\/posts\/5549","targetHints":{"allow":["GET"]}}],"collection":[{"href":"https:\/\/blogs.amarinha.gal\/ribadeando\/wp-json\/wp\/v2\/posts"}],"about":[{"href":"https:\/\/blogs.amarinha.gal\/ribadeando\/wp-json\/wp\/v2\/types\/post"}],"author":[{"embeddable":true,"href":"https:\/\/blogs.amarinha.gal\/ribadeando\/wp-json\/wp\/v2\/users\/3"}],"replies":[{"embeddable":true,"href":"https:\/\/blogs.amarinha.gal\/ribadeando\/wp-json\/wp\/v2\/comments?post=5549"}],"version-history":[{"count":0,"href":"https:\/\/blogs.amarinha.gal\/ribadeando\/wp-json\/wp\/v2\/posts\/5549\/revisions"}],"wp:attachment":[{"href":"https:\/\/blogs.amarinha.gal\/ribadeando\/wp-json\/wp\/v2\/media?parent=5549"}],"wp:term":[{"taxonomy":"category","embeddable":true,"href":"https:\/\/blogs.amarinha.gal\/ribadeando\/wp-json\/wp\/v2\/categories?post=5549"},{"taxonomy":"post_tag","embeddable":true,"href":"https:\/\/blogs.amarinha.gal\/ribadeando\/wp-json\/wp\/v2\/tags?post=5549"}],"curies":[{"name":"wp","href":"https:\/\/api.w.org\/{rel}","templated":true}]}}