{"id":5527,"date":"2018-04-17T08:36:00","date_gmt":"2018-04-17T06:36:00","guid":{"rendered":""},"modified":"2024-11-12T13:27:59","modified_gmt":"2024-11-12T12:27:59","slug":"pouco-pouco-ribadeo-movese","status":"publish","type":"post","link":"https:\/\/blogs.amarinha.gal\/ribadeando\/2018\/04\/17\/pouco-pouco-ribadeo-movese\/","title":{"rendered":"Pouco a pouco, Ribadeo m\u00f3vese"},"content":{"rendered":"<p>Adxunto fotos e lema transmitidos en Facebook por Suso Fern\u00e1ndez.<\/p>\n<p><a href=\"https:\/\/blogger.googleusercontent.com\/img\/b\/R29vZ2xl\/AVvXsEjNLmUTw4iEW7ie8gI5lK7XdGUfstgze6LH-l8d3ZikPHeCAXiuE0gkaTKCWyeDmPfZ8FGNwzlOH5wfwHhhBw7n4PkOFugYDhoADLqj3-q9fQQnOPf6uc1i8ijE2EHX73mGDWy2QA\/s2048\/En+defensa+das+pensi%25C3%25B3ns+20180416.jpg\" imageanchor=\"1\" style=\"margin-left: 1em; margin-right: 1em;\"><img loading=\"lazy\" decoding=\"async\" height=\"236\" src=\"https:\/\/blogger.googleusercontent.com\/img\/b\/R29vZ2xl\/AVvXsEjNLmUTw4iEW7ie8gI5lK7XdGUfstgze6LH-l8d3ZikPHeCAXiuE0gkaTKCWyeDmPfZ8FGNwzlOH5wfwHhhBw7n4PkOFugYDhoADLqj3-q9fQQnOPf6uc1i8ijE2EHX73mGDWy2QA\/s2048\/En+defensa+das+pensi%25C3%25B3ns+20180416.jpg\" width=\"640\" \/><\/a><\/p>\n<p><a href=\"https:\/\/blogger.googleusercontent.com\/img\/b\/R29vZ2xl\/AVvXsEiqWjEoXt8jiJa8NLFe4n4IFcvDwlEQ0meHfTFQ4OVqpONnAINfP4Ryhjx_gnBrQG9Q3INYlIDKVkWCpucAEPvtoyL_kUHoIdupOCvkNlTtrf4jbqwH1QgUEVx9UQ4JHhnjChr7CA\/s2048\/En+defensa+das+pensi%25C3%25B3ns+20180416_2.jpg\" imageanchor=\"1\" style=\"margin-left: 1em; margin-right: 1em;\"><img loading=\"lazy\" decoding=\"async\" height=\"212\" src=\"https:\/\/blogger.googleusercontent.com\/img\/b\/R29vZ2xl\/AVvXsEiqWjEoXt8jiJa8NLFe4n4IFcvDwlEQ0meHfTFQ4OVqpONnAINfP4Ryhjx_gnBrQG9Q3INYlIDKVkWCpucAEPvtoyL_kUHoIdupOCvkNlTtrf4jbqwH1QgUEVx9UQ4JHhnjChr7CA\/s2048\/En+defensa+das+pensi%25C3%25B3ns+20180416_2.jpg\" width=\"640\" \/><\/a><\/p>\n<p>Resulta que&#8230; ante o \u00e9xito dos pensionistas en mobilizarse (organizados pouco a pouco no &#8216;<a href=\"https:\/\/www.facebook.com\/Movemento-en-defensa-das-pensions-publicas-Ribadeo-1755147901202626\/?hc_ref=ARSU0iPTn24iwfXm5KlsmAhwzUX9syxVRwNdf618MI4IAlZCLyVJyHM0oP6l86qwfcY&amp;fref=nf\">Movemento en Defensa das Pensi\u00f3ns P\u00fablicas<\/a>&#8216;, agora chama \u00e1 mobilizaci\u00f3n todo o mundo (l\u00e9ase partidos, sindicatos) querendo subirse \u00e1 onda. Iso si, non soen xuntarse co movemento, sen\u00f3n agregar a &#8216;s\u00faa&#8217; manifestaci\u00f3n outro d\u00eda, noutro lugar&#8230; A iso ch\u00e1maselle &#8216;oportunidade&#8217;, e \u00e9 sinal de vitoria b\u00e1sica e de loita por controlar e reconducir isa vitoria. Lembro que me comentarion que na primeira manifestaci\u00f3n en Ribadeo, saiu por casualidade o alcalde e preguntou que era aquelo. Despois, viu a foto e a <a href=\"http:\/\/ribadeo.gal\/actualidade\/nova.php?id=2663&amp;lg=gal\">nota de prensa<\/a>. Onte tam\u00e9n houbo <a href=\"http:\/\/ribadeo.gal\/actualidade\/nova.php?id=2718&amp;lg=gal\">nota de prensa<\/a>:<\/p>\n<p><em>\u00c9 A SEGUNDA QUE SE CELEBRA EN 24 HORAS<\/em><\/p>\n<p><em>Concentraci\u00f3n dos pensionistas<\/em><\/p>\n<p><em>16\/04\/2018<\/em><\/p>\n<p><a href=\"https:\/\/blogger.googleusercontent.com\/img\/b\/R29vZ2xl\/AVvXsEgtY-Maptn_LRourcheNagqz0eBwhktIex7nlLB8pdWHgrIuMGvCRTX-0D2quU657bF2Ss2SDKle6EcNpIHR6CbizAv0yR9bdc-v9sDBDQB2F8Jxo8tpRqoGLfbsoLiCbVs99cF7w\/s2048\/1523882603Pensions.JPG\" imageanchor=\"1\" style=\"margin-left: 1em; margin-right: 1em;\"><img decoding=\"async\" src=\"https:\/\/blogger.googleusercontent.com\/img\/b\/R29vZ2xl\/AVvXsEgtY-Maptn_LRourcheNagqz0eBwhktIex7nlLB8pdWHgrIuMGvCRTX-0D2quU657bF2Ss2SDKle6EcNpIHR6CbizAv0yR9bdc-v9sDBDQB2F8Jxo8tpRqoGLfbsoLiCbVs99cF7w\/s2048\/1523882603Pensions.JPG\" \/><\/a><\/p>\n<p><em>Ducias de pensionistas se concentraron esta ma\u00f1\u00e1, \u00e1s doce, \u00e1s portas do Concello de Ribadeo en demanda dunhas pensi\u00f3ns dignas. D\u00faas pancantas grandes e varias pequenas nas que se pod\u00edan ler mensaxes como &#8220;SOS. Pensi\u00f3ns p\u00fablicas si, privadas non&#8221; ou &#8220;Pensi\u00f3ns dignas xa&#8221; protagonizaron a movilizaci\u00f3n. A car\u00f3n dos pensionistas estivo o alcalde ribadense, Fernando Su\u00e1rez<\/em>.&nbsp;<\/p>\n<p>Se se compara coa foto correspondente \u00e1 <a href=\"http:\/\/ribadeando.blogspot.com.es\/2018\/02\/duas-novas-no-concello.html\">segunda semana de manifestaci\u00f3n<\/a> (abaixo, tam\u00e9n foto de Suso do 20180221), na que xa aumentara a xente de xeito considerable, pode colixirse a evoluci\u00f3n positiva da protesta. <\/p>\n<p><a href=\"https:\/\/blogger.googleusercontent.com\/img\/b\/R29vZ2xl\/AVvXsEidENRIpVZXDdY3DE8BZsQs61zJrKPy6e1C_e7dIbsPE2d-EMfBQAfVZDNfYBQaJLFmyA-ExUya8wsSIDa0kO6efwrXbvkBxTERp5Czy8z9iIV979Qe0pT-pwoBrhMkN-YuK7rs-Q\/s2048\/xubilados+no+concello+de+Ribadeo+20180221.jpg\" imageanchor=\"1\" style=\"margin-left: 1em; margin-right: 1em;\"><img decoding=\"async\" src=\"https:\/\/blogger.googleusercontent.com\/img\/b\/R29vZ2xl\/AVvXsEidENRIpVZXDdY3DE8BZsQs61zJrKPy6e1C_e7dIbsPE2d-EMfBQAfVZDNfYBQaJLFmyA-ExUya8wsSIDa0kO6efwrXbvkBxTERp5Czy8z9iIV979Qe0pT-pwoBrhMkN-YuK7rs-Q\/s2048\/xubilados+no+concello+de+Ribadeo+20180221.jpg\" \/><\/a><\/p>\n<p>&nbsp;Unha protesta que \u00e9 por todos, pois todos aspiramos a chegar a <em>e<\/em>sa idade de xubilaci\u00f3n.<\/p>\n<p>O futuro? veremos. Omovemento \u00e9 victorioso. A xesti\u00f3n da victoria est\u00e1n tentando arrebatarlla.<\/p>\n","protected":false},"excerpt":{"rendered":"<p>Adxunto fotos e lema transmitidos en Facebook por Suso Fern\u00e1ndez. Resulta que&#8230; ante o \u00e9xito dos pensionistas en mobilizarse (organizados pouco a pouco no &#8216;Movemento en Defensa das Pensi\u00f3ns P\u00fablicas&#8216;, agora chama \u00e1 mobilizaci\u00f3n todo o mundo (l\u00e9ase partidos, sindicatos) querendo subirse \u00e1 onda. Iso si, non soen xuntarse co movemento, sen\u00f3n agregar a &#8216;s\u00faa&#8217; [&hellip;]<\/p>\n","protected":false},"author":3,"featured_media":0,"comment_status":"open","ping_status":"closed","sticky":false,"template":"","format":"standard","meta":{"activitypub_content_warning":"","activitypub_content_visibility":"","activitypub_max_image_attachments":3,"activitypub_interaction_policy_quote":"anyone","activitypub_status":"federated","footnotes":""},"categories":[1],"tags":[21,22,19],"class_list":["post-5527","post","type-post","status-publish","format-standard","hentry","category-sen-categoria","tag-economia","tag-pensions","tag-suso-fernandez"],"_links":{"self":[{"href":"https:\/\/blogs.amarinha.gal\/ribadeando\/wp-json\/wp\/v2\/posts\/5527","targetHints":{"allow":["GET"]}}],"collection":[{"href":"https:\/\/blogs.amarinha.gal\/ribadeando\/wp-json\/wp\/v2\/posts"}],"about":[{"href":"https:\/\/blogs.amarinha.gal\/ribadeando\/wp-json\/wp\/v2\/types\/post"}],"author":[{"embeddable":true,"href":"https:\/\/blogs.amarinha.gal\/ribadeando\/wp-json\/wp\/v2\/users\/3"}],"replies":[{"embeddable":true,"href":"https:\/\/blogs.amarinha.gal\/ribadeando\/wp-json\/wp\/v2\/comments?post=5527"}],"version-history":[{"count":0,"href":"https:\/\/blogs.amarinha.gal\/ribadeando\/wp-json\/wp\/v2\/posts\/5527\/revisions"}],"wp:attachment":[{"href":"https:\/\/blogs.amarinha.gal\/ribadeando\/wp-json\/wp\/v2\/media?parent=5527"}],"wp:term":[{"taxonomy":"category","embeddable":true,"href":"https:\/\/blogs.amarinha.gal\/ribadeando\/wp-json\/wp\/v2\/categories?post=5527"},{"taxonomy":"post_tag","embeddable":true,"href":"https:\/\/blogs.amarinha.gal\/ribadeando\/wp-json\/wp\/v2\/tags?post=5527"}],"curies":[{"name":"wp","href":"https:\/\/api.w.org\/{rel}","templated":true}]}}