{"id":5526,"date":"2018-04-18T10:00:00","date_gmt":"2018-04-18T08:00:00","guid":{"rendered":""},"modified":"2024-11-12T13:27:58","modified_gmt":"2024-11-12T12:27:58","slug":"derrumbes-con-mais-dunha-decada-por","status":"publish","type":"post","link":"https:\/\/blogs.amarinha.gal\/ribadeando\/2018\/04\/18\/derrumbes-con-mais-dunha-decada-por\/","title":{"rendered":"Derrumbe(s) con m\u00e1is dunha d\u00e9cada por medio"},"content":{"rendered":"<p><a href=\"https:\/\/blogger.googleusercontent.com\/img\/b\/R29vZ2xl\/AVvXsEgT45KB2xeqoTL4FM_r2g34fuQaIQr529E1rGEcodBQjtI9b6lqnd2DK5mEz3MrNkXUsA9-Jfhf0eEfQwvbUoek6YgMFlyGLYuR772ji8776FMUZsr_CyuFkfoVE4m8Dzd3H1oX-w\/s2048\/Derrumbe_20180418_090655.jpg\" imageanchor=\"1\" style=\"margin-left: 1em; margin-right: 1em;\"><img decoding=\"async\" src=\"https:\/\/blogger.googleusercontent.com\/img\/b\/R29vZ2xl\/AVvXsEgT45KB2xeqoTL4FM_r2g34fuQaIQr529E1rGEcodBQjtI9b6lqnd2DK5mEz3MrNkXUsA9-Jfhf0eEfQwvbUoek6YgMFlyGLYuR772ji8776FMUZsr_CyuFkfoVE4m8Dzd3H1oX-w\/s2048\/Derrumbe_20180418_090655.jpg\" \/><\/a><\/p>\n<p>&nbsp;Fotos do derrumbe de onte, dende a ponte dos Santos e dende a beira da estrada \u00f3 faro. Vese claramente o lugar, xunta \u00f3 albergue de peregrinos.<\/p>\n<p><a href=\"https:\/\/blogger.googleusercontent.com\/img\/b\/R29vZ2xl\/AVvXsEh595LUEzg14rVcSwGMPtNVX9NdYMH3zjAPoxv122-3wMe2hfwZY8fKwwFl6XfDvDWw9wsNnUUSfOldsdEevvysaSu0c96_C6cLv01eAykVk7Hdg5MmEJVI7H72GAjVB3ICB69Hsg\/s2048\/Derrumbe_20180418_091953_.jpg\" imageanchor=\"1\" style=\"margin-left: 1em; margin-right: 1em;\"><img decoding=\"async\" src=\"https:\/\/blogger.googleusercontent.com\/img\/b\/R29vZ2xl\/AVvXsEh595LUEzg14rVcSwGMPtNVX9NdYMH3zjAPoxv122-3wMe2hfwZY8fKwwFl6XfDvDWw9wsNnUUSfOldsdEevvysaSu0c96_C6cLv01eAykVk7Hdg5MmEJVI7H72GAjVB3ICB69Hsg\/s2048\/Derrumbe_20180418_091953_.jpg\" \/><\/a><\/p>\n<p>&nbsp;&#8212;<\/p>\n<p>Onte houbo un novo derrumbe na zona na que o 30 de decembro de 2005 outro anterior provocara o corte da estrada do faro, como se ve nas fotos daquela (publicadas en &#8216;<a href=\"http:\/\/ribadeando.blogspot.com.es\/2005\/12\/unha-primicia-en-visual.html\">unha primicia en visual<\/a>&#8216;):<\/p>\n<p><a href=\"http:\/\/photos1.blogger.com\/blogger\/7979\/755\/320\/derrube2.jpg\" imageanchor=\"1\" style=\"margin-left: 1em; margin-right: 1em;\"><img decoding=\"async\" src=\"http:\/\/photos1.blogger.com\/blogger\/7979\/755\/320\/derrube2.jpg\" \/><\/a><\/p>\n<p><a href=\"http:\/\/photos1.blogger.com\/blogger\/7979\/755\/320\/derrube1.jpg\" imageanchor=\"1\" style=\"margin-left: 1em; margin-right: 1em;\"><img decoding=\"async\" src=\"http:\/\/photos1.blogger.com\/blogger\/7979\/755\/320\/derrube1.jpg\" \/><\/a><\/p>\n<p>Un ano despois das fotos, no <a href=\"http:\/\/ribadeando.blogspot.com.es\/2006\/12\/por-que-esta-foto-non-actual-inocentes.html\">d\u00eda dos inocentes do 2006<\/a>, comentei que segu\u00eda o valado, pero doce anos despois non \u00e9 doado rememorar aquel ano de paso restrinxido cara \u00f3 faro.<\/p>\n<p>A estabilizaci\u00f3n do terrapl\u00e9n e da calzada durou ata o momento, m\u00e1is parece que vai sendo hora de reforzala. Non porque estivera mal feita nin porque caducara, sen\u00f3n porque o actual derrumbe, lateral, nunha zona non tratada con anterioridade, ameaza esa parte do talud saneado daquela, pod\u00e9ndose aprezar que baixo o manto de saneamento hai unha zona da beira sen nada detr\u00e1s.<\/p>\n<p>dende ent\u00f3n l\u00e9vanse producido outros derrumbes, como o <a href=\"http:\/\/ribadeando.blogspot.com.es\/2009\/03\/derrumbe-da-atalaia.html\">Derrumbe da atalaia<\/a>, do que parece que costa xa traballo lembrarse.En fin, cousas da natureza, \u00e1s veces intervida polos humanos, pero actuando sempre.<\/p>\n","protected":false},"excerpt":{"rendered":"<p>&nbsp;Fotos do derrumbe de onte, dende a ponte dos Santos e dende a beira da estrada \u00f3 faro. Vese claramente o lugar, xunta \u00f3 albergue de peregrinos. &nbsp;&#8212; Onte houbo un novo derrumbe na zona na que o 30 de decembro de 2005 outro anterior provocara o corte da estrada do faro, como se ve [&hellip;]<\/p>\n","protected":false},"author":3,"featured_media":0,"comment_status":"open","ping_status":"closed","sticky":false,"template":"","format":"standard","meta":{"activitypub_content_warning":"","activitypub_content_visibility":"","activitypub_max_image_attachments":3,"activitypub_interaction_policy_quote":"anyone","activitypub_status":"federated","footnotes":""},"categories":[1],"tags":[103,57,93,26],"class_list":["post-5526","post","type-post","status-publish","format-standard","hentry","category-sen-categoria","tag-fotos","tag-fotos-ria-de-ribadeo","tag-fotos-ribadeo","tag-medio"],"_links":{"self":[{"href":"https:\/\/blogs.amarinha.gal\/ribadeando\/wp-json\/wp\/v2\/posts\/5526","targetHints":{"allow":["GET"]}}],"collection":[{"href":"https:\/\/blogs.amarinha.gal\/ribadeando\/wp-json\/wp\/v2\/posts"}],"about":[{"href":"https:\/\/blogs.amarinha.gal\/ribadeando\/wp-json\/wp\/v2\/types\/post"}],"author":[{"embeddable":true,"href":"https:\/\/blogs.amarinha.gal\/ribadeando\/wp-json\/wp\/v2\/users\/3"}],"replies":[{"embeddable":true,"href":"https:\/\/blogs.amarinha.gal\/ribadeando\/wp-json\/wp\/v2\/comments?post=5526"}],"version-history":[{"count":0,"href":"https:\/\/blogs.amarinha.gal\/ribadeando\/wp-json\/wp\/v2\/posts\/5526\/revisions"}],"wp:attachment":[{"href":"https:\/\/blogs.amarinha.gal\/ribadeando\/wp-json\/wp\/v2\/media?parent=5526"}],"wp:term":[{"taxonomy":"category","embeddable":true,"href":"https:\/\/blogs.amarinha.gal\/ribadeando\/wp-json\/wp\/v2\/categories?post=5526"},{"taxonomy":"post_tag","embeddable":true,"href":"https:\/\/blogs.amarinha.gal\/ribadeando\/wp-json\/wp\/v2\/tags?post=5526"}],"curies":[{"name":"wp","href":"https:\/\/api.w.org\/{rel}","templated":true}]}}