{"id":5522,"date":"2018-04-22T18:12:00","date_gmt":"2018-04-22T16:12:00","guid":{"rendered":""},"modified":"2024-11-12T13:27:52","modified_gmt":"2024-11-12T12:27:52","slug":"unha-convocatoria-o-dia-5-polas","status":"publish","type":"post","link":"https:\/\/blogs.amarinha.gal\/ribadeando\/2018\/04\/22\/unha-convocatoria-o-dia-5-polas\/","title":{"rendered":"Unha convocatoria: o d\u00eda 5, polas pensi\u00f3ns p\u00fablicas"},"content":{"rendered":"<p><a href=\"https:\/\/blogger.googleusercontent.com\/img\/b\/R29vZ2xl\/AVvXsEj4MuzLojDdZ2QxW7-ja8dwRfUWbc5eCy3gO_0kdIZ9IObr2qeqkDm9l1XUNaL6cO4KpfxCKRK3FsBRPEbgBk5_840zwU8q8tc5eMVLr-vD0HlowP_WRkUIbZYFPYY6onQTrKNrZw\/s2048\/Movemento+defensa+pensi%25C3%25B3ns+p%25C3%25BAblicas+Ribadeo+20180505.jpg\" imageanchor=\"1\" style=\"margin-left: 1em; margin-right: 1em;\"><img decoding=\"async\" src=\"https:\/\/blogger.googleusercontent.com\/img\/b\/R29vZ2xl\/AVvXsEj4MuzLojDdZ2QxW7-ja8dwRfUWbc5eCy3gO_0kdIZ9IObr2qeqkDm9l1XUNaL6cO4KpfxCKRK3FsBRPEbgBk5_840zwU8q8tc5eMVLr-vD0HlowP_WRkUIbZYFPYY6onQTrKNrZw\/s2048\/Movemento+defensa+pensi%25C3%25B3ns+p%25C3%25BAblicas+Ribadeo+20180505.jpg\" \/><\/a><\/p>\n","protected":false},"excerpt":{"rendered":"","protected":false},"author":3,"featured_media":0,"comment_status":"open","ping_status":"closed","sticky":false,"template":"","format":"standard","meta":{"activitypub_content_warning":"","activitypub_content_visibility":"","activitypub_max_image_attachments":3,"activitypub_interaction_policy_quote":"anyone","activitypub_status":"federated","footnotes":""},"categories":[1],"tags":[22],"class_list":["post-5522","post","type-post","status-publish","format-standard","hentry","category-sen-categoria","tag-pensions"],"_links":{"self":[{"href":"https:\/\/blogs.amarinha.gal\/ribadeando\/wp-json\/wp\/v2\/posts\/5522","targetHints":{"allow":["GET"]}}],"collection":[{"href":"https:\/\/blogs.amarinha.gal\/ribadeando\/wp-json\/wp\/v2\/posts"}],"about":[{"href":"https:\/\/blogs.amarinha.gal\/ribadeando\/wp-json\/wp\/v2\/types\/post"}],"author":[{"embeddable":true,"href":"https:\/\/blogs.amarinha.gal\/ribadeando\/wp-json\/wp\/v2\/users\/3"}],"replies":[{"embeddable":true,"href":"https:\/\/blogs.amarinha.gal\/ribadeando\/wp-json\/wp\/v2\/comments?post=5522"}],"version-history":[{"count":0,"href":"https:\/\/blogs.amarinha.gal\/ribadeando\/wp-json\/wp\/v2\/posts\/5522\/revisions"}],"wp:attachment":[{"href":"https:\/\/blogs.amarinha.gal\/ribadeando\/wp-json\/wp\/v2\/media?parent=5522"}],"wp:term":[{"taxonomy":"category","embeddable":true,"href":"https:\/\/blogs.amarinha.gal\/ribadeando\/wp-json\/wp\/v2\/categories?post=5522"},{"taxonomy":"post_tag","embeddable":true,"href":"https:\/\/blogs.amarinha.gal\/ribadeando\/wp-json\/wp\/v2\/tags?post=5522"}],"curies":[{"name":"wp","href":"https:\/\/api.w.org\/{rel}","templated":true}]}}