{"id":5507,"date":"2018-05-16T17:32:00","date_gmt":"2018-05-16T15:32:00","guid":{"rendered":""},"modified":"2024-11-12T13:27:23","modified_gmt":"2024-11-12T12:27:23","slug":"primeira-denuncia-no-xulgado-de","status":"publish","type":"post","link":"https:\/\/blogs.amarinha.gal\/ribadeando\/2018\/05\/16\/primeira-denuncia-no-xulgado-de\/","title":{"rendered":"PRIMEIRA DENUNCIA NO XULGADO DE MONDO\u00d1EDO DUN PACIENTE DESPOIS DE AGARDAR CASE DOUS ANOS PARA FACER UNHA PROBA DE ESFORZO SEN QUE O CHAMARAN NEN LLE DERAN UNHA SOA EXPLICACI\u00d3N."},"content":{"rendered":"<p><a href=\"https:\/\/blogger.googleusercontent.com\/img\/b\/R29vZ2xl\/AVvXsEjJCBI0kMylstRj-5VXlA0I2KCDoITicDN5WJg7ZIwjtVl2aEMEu0yDztzuQYIn22Ast183KAXybMgQJ06IPf4tgmzqzQDjC2PTW0b3ReonoULZ1j3L7KmCXbfsq5S1fitnykYH5Q\/s2048\/Salvemos+o+hospital+da+costa_nota+de+prensa.jpg\" imageanchor=\"1\" style=\"margin-left: 1em; margin-right: 1em;\"><img decoding=\"async\" src=\"https:\/\/blogger.googleusercontent.com\/img\/b\/R29vZ2xl\/AVvXsEjJCBI0kMylstRj-5VXlA0I2KCDoITicDN5WJg7ZIwjtVl2aEMEu0yDztzuQYIn22Ast183KAXybMgQJ06IPf4tgmzqzQDjC2PTW0b3ReonoULZ1j3L7KmCXbfsq5S1fitnykYH5Q\/s2048\/Salvemos+o+hospital+da+costa_nota+de+prensa.jpg\" \/><\/a><\/p>\n<p>O paciente presentou unha reclamaci\u00f3n hai un mes no hospital m\u00e1is non lle fixeron caso, polo que acudiu ao Xulgado de Mondo\u00f1edo o pasado 11 de maio.<\/p>\n<p>O paciente ten colocado un stent, segundo relata, na arteria coronaria dereita desde o ano 2006 e precisa ser controlado con probas de esforzo. A \u00faltima vez que fixo unha foi en xullo de 2015. Como estes controis deben ser anuais tocar\u00edalle en xullo do ano 2016, m\u00e1is case dous anos despois segue sen ser chamado e sen recibir explicaci\u00f3n algunha por parte do SERGAS. Acudiu a Atenci\u00f3n ao Paciente en varias ocasi\u00f3ns pero, como ven sendo habitual fix\u00e9ronlle caso omiso.<br \/>\nPor iste motivo decide contactar coa Plataforma Sanitaria que lle axuda a redactar unha reclamaci\u00f3n rexistrada o d\u00eda 19 de abril de 2018, con n\u00famero de entrada 1887.Pasado case un mes desde a s\u00faa presentaci\u00f3n o paciente segue relegado ao esquecemento por parte da xerencia.  A  gota que colmou o vaso e que lle empurrou a acudir ao xulgado foi que, cando o pasado mes de abril acudiu \u00e1 farmacia a  retirar a medicaci\u00f3n que invariablemente toma desde o ano 2006 \u201cat\u00f3pome coa sorpresa de que me modificaran a dose dun deles sen previo aviso e sen que ningu\u00e9n me informara de nada nin fora visto por m\u00e9dico alg\u00fan. Cando lle preguntei \u00e1 mi\u00f1a m\u00e9dica de familia, gran profesional e con gran interese polos seus pacientes, d\u00edxome que ella recibira ordes escritas de tal cambio\u201c- comenta visiblemente enoxado. O paciente presenta un  escrito de denuncia no Xulgado de Mondo\u00f1edo o d\u00eda 11 de maio de 2018 e inmediatamente despois contacta de novo coa Plataforma anunciando que desexa acudir aos medios de comunicaci\u00f3n e acusa \u201c\u00e1 Xerencia do Sergas e \u00e1 Xunta de Galicia de desprezo aos pacientes pois parece que o servizo de Sa\u00fade P\u00fablica est\u00e1 en mans de pol\u00edticos manipuladores da nosa sa\u00fade polo simple feito, segundo se lles oe dicir, para aforrar cartos\u201d- relata o paciente na s\u00faa denuncia.<\/p>\n<p>Para a Plataforma Sanitaria este caso supera con moito os l\u00edmites tolerables  e a paciencia infinita  que @s veci\u00f1@s est\u00e1n a amosar cara \u00e1 administraci\u00f3n que d\u00eda tras d\u00eda devolve esta consideraci\u00f3n en forma de desprezo, burla e falta de respecto. Desde este colectivo  esiximos a esta Xerencia e ao Sergas que se deixe xa de propaganda  ambigua e autocomplacente e que se po\u00f1a a traballar de verdade nunha xesti\u00f3n en funci\u00f3n das necesidades da poboaci\u00f3n sen primar criterios economicistas porque \u201ctodo ten un l\u00edmite e a paciencia de pacientes e profesionais esta a punto de esgotarse , e cando isto ocorre nunca se sabe por onde pode estoupar a indignaci\u00f3n veci\u00f1al\u201d- concl\u00faen desde a Plataforma.<\/p>\n","protected":false},"excerpt":{"rendered":"<p>O paciente presentou unha reclamaci\u00f3n hai un mes no hospital m\u00e1is non lle fixeron caso, polo que acudiu ao Xulgado de Mondo\u00f1edo o pasado 11 de maio. O paciente ten colocado un stent, segundo relata, na arteria coronaria dereita desde o ano 2006 e precisa ser controlado con probas de esforzo. A \u00faltima vez que [&hellip;]<\/p>\n","protected":false},"author":3,"featured_media":0,"comment_status":"open","ping_status":"closed","sticky":false,"template":"","format":"standard","meta":{"activitypub_content_warning":"","activitypub_content_visibility":"","activitypub_max_image_attachments":3,"activitypub_interaction_policy_quote":"anyone","activitypub_status":"federated","footnotes":""},"categories":[1],"tags":[27],"class_list":["post-5507","post","type-post","status-publish","format-standard","hentry","category-sen-categoria","tag-sanidade"],"_links":{"self":[{"href":"https:\/\/blogs.amarinha.gal\/ribadeando\/wp-json\/wp\/v2\/posts\/5507","targetHints":{"allow":["GET"]}}],"collection":[{"href":"https:\/\/blogs.amarinha.gal\/ribadeando\/wp-json\/wp\/v2\/posts"}],"about":[{"href":"https:\/\/blogs.amarinha.gal\/ribadeando\/wp-json\/wp\/v2\/types\/post"}],"author":[{"embeddable":true,"href":"https:\/\/blogs.amarinha.gal\/ribadeando\/wp-json\/wp\/v2\/users\/3"}],"replies":[{"embeddable":true,"href":"https:\/\/blogs.amarinha.gal\/ribadeando\/wp-json\/wp\/v2\/comments?post=5507"}],"version-history":[{"count":0,"href":"https:\/\/blogs.amarinha.gal\/ribadeando\/wp-json\/wp\/v2\/posts\/5507\/revisions"}],"wp:attachment":[{"href":"https:\/\/blogs.amarinha.gal\/ribadeando\/wp-json\/wp\/v2\/media?parent=5507"}],"wp:term":[{"taxonomy":"category","embeddable":true,"href":"https:\/\/blogs.amarinha.gal\/ribadeando\/wp-json\/wp\/v2\/categories?post=5507"},{"taxonomy":"post_tag","embeddable":true,"href":"https:\/\/blogs.amarinha.gal\/ribadeando\/wp-json\/wp\/v2\/tags?post=5507"}],"curies":[{"name":"wp","href":"https:\/\/api.w.org\/{rel}","templated":true}]}}