{"id":5499,"date":"2018-05-25T08:06:00","date_gmt":"2018-05-25T06:06:00","guid":{"rendered":""},"modified":"2024-11-12T13:27:02","modified_gmt":"2024-11-12T12:27:02","slug":"por-fin-o-anuncio-de-que-o-vilar-sera","status":"publish","type":"post","link":"https:\/\/blogs.amarinha.gal\/ribadeando\/2018\/05\/25\/por-fin-o-anuncio-de-que-o-vilar-sera\/","title":{"rendered":"Por fin, o anuncio de que o Vilar ser\u00e1 conectado para pe\u00f3ns"},"content":{"rendered":"<p>Hai anos que O Tes\u00f3n o pediu e que no blog se expuxo a necesidade. Agora o concello prepara a licitaci\u00f3n que far\u00e1 posible \u00f3s pe\u00f3ns o chegar \u00e1 zona do Vilar e en xeral, \u00e1 Avenida R\u00eda de Ribadeo, a antiga estrada nacional, cedida dende hai anos \u00f3 concello. O anuncio est\u00e1 feito. Agora, esp\u00e9rase que siga a cousa paseni\u00f1o ata que se complete a obra, con axuda da Deputaci\u00f3n. A <a href=\"http:\/\/ribadeo.gal\/actualidade\/nova.php?id=2756&amp;lg=gal\" target=\"_blank\" rel=\"noopener\">nota de prensa do Concello<\/a> \u00e9 clara:<\/p>\n<p><em>BARCIA DI QUE SE MELLORAR\u00c1 A SEGURIDADE DOS VIANDANTES<\/em><\/p>\n<p><em>Avenida R\u00eda de Ribadeo<\/em><\/p>\n<p><em>24\/05\/2018<\/em><\/p>\n<p><a href=\"https:\/\/blogger.googleusercontent.com\/img\/b\/R29vZ2xl\/AVvXsEjtPskxD-Jmlo91IjHz9VRKFXLoCQPZLh4aIxtGzyI-S8aqRdYyN4v6cQW3JzQXouPyrlZW_y3ZYLIdB7ZmvX5Td0Xy9y-8gyIejbZfT8BV8zzqjFOKxvk-Z-uLXU_61Fd2kEe3Vg\/s2048\/20180524+Foto_avenida_ria_de_Ribadeo.JPG\" imageanchor=\"1\" style=\"margin-left: 1em; margin-right: 1em;\"><img decoding=\"async\" src=\"https:\/\/blogger.googleusercontent.com\/img\/b\/R29vZ2xl\/AVvXsEjtPskxD-Jmlo91IjHz9VRKFXLoCQPZLh4aIxtGzyI-S8aqRdYyN4v6cQW3JzQXouPyrlZW_y3ZYLIdB7ZmvX5Td0Xy9y-8gyIejbZfT8BV8zzqjFOKxvk-Z-uLXU_61Fd2kEe3Vg\/s2048\/20180524+Foto_avenida_ria_de_Ribadeo.JPG\" \/><\/a><\/p>\n<p><em><br \/>\n<\/em><br \/>\n<em>O Concello ven de sacar a licitaci\u00f3n as obras de acondicionamento e urbanizaci\u00f3n da avenida R\u00eda de Ribadeo. O investimento ascender\u00e1 a 512.000 euros, dos que a Deputaci\u00f3n de Lugo aporta 380.000.<br \/>\n<\/em><\/p>\n<p><em>O alcalde de Ribadeo, Fernando Su\u00e1rez, explicou que &#8220;se trata da licitaci\u00f3n das obras de acondicionamento e urbanizaci\u00f3n da avenida da R\u00eda de Ribadeo, grazas a este convenio de colaboraci\u00f3n que asinamos coa Deputaci\u00f3n de Lugo. Dun total de 512.000 euros do custo do proxecto, a Deputaci\u00f3n vai aportar 380.000 euros&#8221;.<br \/>\n<\/em><\/p>\n<p><em>O rexedor salientou que &#8220;con estas important\u00edsimas obras de mellora e de humanizaci\u00f3n contribuiremos tam\u00e9n a dotar dunha seguridade necesaria para todos os viandantes desta longa avenida, que foi pensada no seu momento fundamentalmente para o paso de veh\u00edculos rodados, m\u00e1is hoxe en d\u00eda cada vez \u00e9 m\u00e1is frecuentada por pe\u00f3ns e viandantes dado que a afluencia a todos estes talleres, tendas, bazares e centros comerciais fai que cada vez haxa m\u00e1is xente andando por lugares que non son apropiados tal e como est\u00e1n dese\u00f1ados&#8221;.<br \/>\n<\/em><\/p>\n<p><em>Su\u00e1rez Barcia detallou que &#8220;as obras neste m\u00e1is de 1 quil\u00f3metro de actuaci\u00f3n, van ser a dotaci\u00f3n de beirarr\u00faas onde a\u00ednda non estean, a construci\u00f3n de pasos de pe\u00f3n elevados para maior seguridade dos viandantes, a canalizaci\u00f3n soterrada desas torres de media tensi\u00f3n que afean a paisaxe neste momento, e novo alumeado p\u00fablico, \u00e9 dicir, a substituci\u00f3n das luminarias por outras led m\u00e1is modernas. Ademais procederase \u00e1 colocaci\u00f3n de tubaxe, de pluviais e de saneamento, e dos sumidoiros necesarios para completar a totalidade dos servizos urban\u00edsticos da zona, novo arborado e nova capa de aglomerado e pintado en todo o longo desta avenida&#8221;.<br \/>\n<\/em><\/p>\n<p><em>O alcalde indicou que &#8220;o procedemento de licitaci\u00f3n desta important\u00edsima obra vai ser aberto e unha tramitaci\u00f3n urxente, polo tanto todas as empresas interesadas, e coa cualificaci\u00f3n necesaria, ter\u00e1n trece d\u00edas de prazo para presentar as s\u00faas ofertas, e poder\u00e1n velas no perfil do contratante da nosa p\u00e1xina web e tam\u00e9n na plataforma de contratos do Estado&#8221;.<br \/>\n<\/em><\/p>\n<p><em>Fernando Su\u00e1rez engadiu que &#8220;o que estas obras perseguen \u00e9 que calquera viandante do centro urbano de Ribadeo poida ir con comodidade e con seguridade <\/em><em>ata o l\u00edmite urbano de Ribadeo, que \u00e9 practicamente na rotonda de Dompi\u00f1or&#8221;.<\/em><\/p>\n<p>&nbsp;Algunhas entradas anteriores (dos \u00faltimos anos) sobre o Vilar:<em><\/em><\/p>\n<p><a href=\"http:\/\/ribadeando.blogspot.com.es\/2016\/11\/ribadeo-e-competencia.html\" target=\"_blank\" rel=\"noopener\">Ribadeo e competencia.<\/a><\/p>\n<p><a href=\"http:\/\/ribadeando.blogspot.com.es\/2016\/10\/vilar-non-se-escribe-con-b-de-bicicleta.html\" target=\"_blank\" rel=\"noopener\">Vilar non se escribe con b de bicicleta.<\/a><\/p>\n<p><a href=\"http:\/\/ribadeando.blogspot.com.es\/2016\/03\/mercadona-enrando-solucion.html\" target=\"_blank\" rel=\"noopener\">Mercadona, enfocando a soluci\u00f3n.<\/a><\/p>\n<p><a href=\"http:\/\/ribadeando.blogspot.com.es\/2015\/02\/do-lixo-e-outras-merdas.html\" target=\"_blank\" rel=\"noopener\">De lixo e outras merdas.<\/a><\/p>\n<p><a href=\"http:\/\/ribadeando.blogspot.com.es\/2014\/11\/unha-ollada-non-so-o-vilar.html\" target=\"_blank\" rel=\"noopener\">Unha ollada non s\u00f3 \u00f3 Vilar<\/a>&nbsp; <\/p>\n<p><em>&nbsp;<\/em><\/p>\n<p><em><br \/>\n<\/em><\/p>\n","protected":false},"excerpt":{"rendered":"<p>Hai anos que O Tes\u00f3n o pediu e que no blog se expuxo a necesidade. Agora o concello prepara a licitaci\u00f3n que far\u00e1 posible \u00f3s pe\u00f3ns o chegar \u00e1 zona do Vilar e en xeral, \u00e1 Avenida R\u00eda de Ribadeo, a antiga estrada nacional, cedida dende hai anos \u00f3 concello. O anuncio est\u00e1 feito. Agora, [&hellip;]<\/p>\n","protected":false},"author":3,"featured_media":0,"comment_status":"open","ping_status":"closed","sticky":false,"template":"","format":"standard","meta":{"activitypub_content_warning":"","activitypub_content_visibility":"","activitypub_max_image_attachments":3,"activitypub_interaction_policy_quote":"anyone","activitypub_status":"federate","footnotes":""},"categories":[1],"tags":[33,74,9],"class_list":["post-5499","post","type-post","status-publish","format-standard","hentry","category-sen-categoria","tag-o-ribadeo-que-queremos","tag-o-teson","tag-sociedade"],"_links":{"self":[{"href":"https:\/\/blogs.amarinha.gal\/ribadeando\/wp-json\/wp\/v2\/posts\/5499","targetHints":{"allow":["GET"]}}],"collection":[{"href":"https:\/\/blogs.amarinha.gal\/ribadeando\/wp-json\/wp\/v2\/posts"}],"about":[{"href":"https:\/\/blogs.amarinha.gal\/ribadeando\/wp-json\/wp\/v2\/types\/post"}],"author":[{"embeddable":true,"href":"https:\/\/blogs.amarinha.gal\/ribadeando\/wp-json\/wp\/v2\/users\/3"}],"replies":[{"embeddable":true,"href":"https:\/\/blogs.amarinha.gal\/ribadeando\/wp-json\/wp\/v2\/comments?post=5499"}],"version-history":[{"count":0,"href":"https:\/\/blogs.amarinha.gal\/ribadeando\/wp-json\/wp\/v2\/posts\/5499\/revisions"}],"wp:attachment":[{"href":"https:\/\/blogs.amarinha.gal\/ribadeando\/wp-json\/wp\/v2\/media?parent=5499"}],"wp:term":[{"taxonomy":"category","embeddable":true,"href":"https:\/\/blogs.amarinha.gal\/ribadeando\/wp-json\/wp\/v2\/categories?post=5499"},{"taxonomy":"post_tag","embeddable":true,"href":"https:\/\/blogs.amarinha.gal\/ribadeando\/wp-json\/wp\/v2\/tags?post=5499"}],"curies":[{"name":"wp","href":"https:\/\/api.w.org\/{rel}","templated":true}]}}