{"id":5488,"date":"2018-06-04T08:01:00","date_gmt":"2018-06-04T06:01:00","guid":{"rendered":""},"modified":"2024-11-12T13:26:45","modified_gmt":"2024-11-12T12:26:45","slug":"non-un-cambio-da-sociedade-non-e","status":"publish","type":"post","link":"https:\/\/blogs.amarinha.gal\/ribadeando\/2018\/06\/04\/non-un-cambio-da-sociedade-non-e\/","title":{"rendered":"Pensi\u00f3ns adecuadas? Non a\u00ednda."},"content":{"rendered":"<p>Non, un cambio da sociedade non \u00e9 autom\u00e1tico despois dun cambio de goberno. Nin as leis cambian de xeito autom\u00e1tico. Por moitas esperanzas que se te\u00f1an postas. A\u00ed est\u00e1 o Premio Nobel a priori de Obama, que ter\u00e1 sido bo presidente&nbsp; ou non, mais o premio Nobel da Paz parece excesivo.<\/p>\n<p>Por iso o movemento a favor das pensi\u00f3ns p\u00fablicas contin\u00faa. Porque polo momento, pouco ten cambiado.<\/p>\n<p>En Ribadeo o s\u00e1bado 2 de xu\u00f1o tivo lugar a \u00faltima reuni\u00f3n. Pode compararse con outras anteriores (a pesar de que por esta volta, case se solapa coa anterior):<\/p>\n<table align=\"center\" cellpadding=\"0\" cellspacing=\"0\" class=\"tr-caption-container\" style=\"margin-left: auto; margin-right: auto; text-align: center;\">\n<tbody>\n<tr>\n<td style=\"text-align: center;\"><a href=\"https:\/\/blogger.googleusercontent.com\/img\/b\/R29vZ2xl\/AVvXsEjc9Jgbd0pk7jTk7Ii7JfUarqu_Z4Dy3myCVSA4bbb3gonk4FtRpkFzOHt9XVMMBNiBv_uRqWZMY38xZ-OqkdT8D56QQp0V25__AJXNV2aSmjai99ZDkoLAC9EloThZ87z66CmF6A\/s2048\/Protesta+pensi%25C3%25B3ns+20180602.jpg\" imageanchor=\"1\" style=\"margin-left: auto; margin-right: auto;\"><img loading=\"lazy\" decoding=\"async\" height=\"480\" src=\"https:\/\/blogger.googleusercontent.com\/img\/b\/R29vZ2xl\/AVvXsEjc9Jgbd0pk7jTk7Ii7JfUarqu_Z4Dy3myCVSA4bbb3gonk4FtRpkFzOHt9XVMMBNiBv_uRqWZMY38xZ-OqkdT8D56QQp0V25__AJXNV2aSmjai99ZDkoLAC9EloThZ87z66CmF6A\/s2048\/Protesta+pensi%25C3%25B3ns+20180602.jpg\" width=\"640\" \/><\/a><\/td>\n<\/tr>\n<tr>\n<td class=\"tr-caption\" style=\"text-align: center;\">Perpar\u00e1ndose para o acto.<\/td>\n<\/tr>\n<\/tbody>\n<\/table>\n<table align=\"center\" cellpadding=\"0\" cellspacing=\"0\" class=\"tr-caption-container\" style=\"margin-left: auto; margin-right: auto; text-align: center;\">\n<tbody>\n<tr>\n<td style=\"text-align: center;\"><a href=\"https:\/\/blogger.googleusercontent.com\/img\/b\/R29vZ2xl\/AVvXsEi0b2VJAKYumbO9BBBNbhHA1SUAMDz-TtF5j82PbCIu6iSKmMwmRJK18bZ6AfFuHZg7sl0mQcQSy2Zid4GVDXqiKBFd1f53lnF1GZB60_E4772cwMni4Dr1VOHRPoUthMuD9DhaJQ\/s2048\/Modepen+20180602.jpg\" imageanchor=\"1\" style=\"margin-left: auto; margin-right: auto;\"><img decoding=\"async\" src=\"https:\/\/blogger.googleusercontent.com\/img\/b\/R29vZ2xl\/AVvXsEi0b2VJAKYumbO9BBBNbhHA1SUAMDz-TtF5j82PbCIu6iSKmMwmRJK18bZ6AfFuHZg7sl0mQcQSy2Zid4GVDXqiKBFd1f53lnF1GZB60_E4772cwMni4Dr1VOHRPoUthMuD9DhaJQ\/s2048\/Modepen+20180602.jpg\" \/><\/a><\/td>\n<\/tr>\n<tr>\n<td class=\"tr-caption\" style=\"text-align: center;\">Esta, collida do Facebook de <a href=\"https:\/\/www.facebook.com\/Movemento-en-defensa-das-pensions-publicas-Ribadeo-1755147901202626\/\" target=\"_blank\" rel=\"noopener\">Modepen-Ribadeo<\/a>.<\/td>\n<\/tr>\n<\/tbody>\n<\/table>\n<p>E agora e fotos de Suso Fern\u00e1ndez, concentraci\u00f3ns do 16 de abril:<\/p>\n<p><a href=\"https:\/\/blogger.googleusercontent.com\/img\/b\/R29vZ2xl\/AVvXsEiqWjEoXt8jiJa8NLFe4n4IFcvDwlEQ0meHfTFQ4OVqpONnAINfP4Ryhjx_gnBrQG9Q3INYlIDKVkWCpucAEPvtoyL_kUHoIdupOCvkNlTtrf4jbqwH1QgUEVx9UQ4JHhnjChr7CA\/s2048\/En+defensa+das+pensi%25C3%25B3ns+20180416_2.jpg\" imageanchor=\"1\" style=\"margin-left: 1em; margin-right: 1em;\"><img loading=\"lazy\" decoding=\"async\" height=\"212\" src=\"https:\/\/blogger.googleusercontent.com\/img\/b\/R29vZ2xl\/AVvXsEiqWjEoXt8jiJa8NLFe4n4IFcvDwlEQ0meHfTFQ4OVqpONnAINfP4Ryhjx_gnBrQG9Q3INYlIDKVkWCpucAEPvtoyL_kUHoIdupOCvkNlTtrf4jbqwH1QgUEVx9UQ4JHhnjChr7CA\/s2048\/En+defensa+das+pensi%25C3%25B3ns+20180416_2.jpg\" width=\"640\" \/><\/a><\/p>\n<p>Do 21 de febreiro:<\/p>\n<p><a href=\"https:\/\/blogger.googleusercontent.com\/img\/b\/R29vZ2xl\/AVvXsEidENRIpVZXDdY3DE8BZsQs61zJrKPy6e1C_e7dIbsPE2d-EMfBQAfVZDNfYBQaJLFmyA-ExUya8wsSIDa0kO6efwrXbvkBxTERp5Czy8z9iIV979Qe0pT-pwoBrhMkN-YuK7rs-Q\/s2048\/xubilados+no+concello+de+Ribadeo+20180221.jpg\" imageanchor=\"1\" style=\"margin-left: 1em; margin-right: 1em;\"><img decoding=\"async\" src=\"https:\/\/blogger.googleusercontent.com\/img\/b\/R29vZ2xl\/AVvXsEidENRIpVZXDdY3DE8BZsQs61zJrKPy6e1C_e7dIbsPE2d-EMfBQAfVZDNfYBQaJLFmyA-ExUya8wsSIDa0kO6efwrXbvkBxTERp5Czy8z9iIV979Qe0pT-pwoBrhMkN-YuK7rs-Q\/s2048\/xubilados+no+concello+de+Ribadeo+20180221.jpg\" \/><\/a><\/p>\n<p>No medio houbo unhas cantas concentraci\u00f3ns m\u00e1is, claro. E m\u00e1is que se pretenden no futuro, \u1e3fentres a cousa non cambie. E iso non significa cambio d goberno, sen\u00f3n m\u00e1is ben de sistema.<\/p>\n","protected":false},"excerpt":{"rendered":"<p>Non, un cambio da sociedade non \u00e9 autom\u00e1tico despois dun cambio de goberno. Nin as leis cambian de xeito autom\u00e1tico. Por moitas esperanzas que se te\u00f1an postas. A\u00ed est\u00e1 o Premio Nobel a priori de Obama, que ter\u00e1 sido bo presidente&nbsp; ou non, mais o premio Nobel da Paz parece excesivo. Por iso o movemento [&hellip;]<\/p>\n","protected":false},"author":3,"featured_media":0,"comment_status":"open","ping_status":"closed","sticky":false,"template":"","format":"standard","meta":{"activitypub_content_warning":"","activitypub_content_visibility":"","activitypub_max_image_attachments":3,"activitypub_interaction_policy_quote":"anyone","activitypub_status":"federated","footnotes":""},"categories":[1],"tags":[22,19],"class_list":["post-5488","post","type-post","status-publish","format-standard","hentry","category-sen-categoria","tag-pensions","tag-suso-fernandez"],"_links":{"self":[{"href":"https:\/\/blogs.amarinha.gal\/ribadeando\/wp-json\/wp\/v2\/posts\/5488","targetHints":{"allow":["GET"]}}],"collection":[{"href":"https:\/\/blogs.amarinha.gal\/ribadeando\/wp-json\/wp\/v2\/posts"}],"about":[{"href":"https:\/\/blogs.amarinha.gal\/ribadeando\/wp-json\/wp\/v2\/types\/post"}],"author":[{"embeddable":true,"href":"https:\/\/blogs.amarinha.gal\/ribadeando\/wp-json\/wp\/v2\/users\/3"}],"replies":[{"embeddable":true,"href":"https:\/\/blogs.amarinha.gal\/ribadeando\/wp-json\/wp\/v2\/comments?post=5488"}],"version-history":[{"count":0,"href":"https:\/\/blogs.amarinha.gal\/ribadeando\/wp-json\/wp\/v2\/posts\/5488\/revisions"}],"wp:attachment":[{"href":"https:\/\/blogs.amarinha.gal\/ribadeando\/wp-json\/wp\/v2\/media?parent=5488"}],"wp:term":[{"taxonomy":"category","embeddable":true,"href":"https:\/\/blogs.amarinha.gal\/ribadeando\/wp-json\/wp\/v2\/categories?post=5488"},{"taxonomy":"post_tag","embeddable":true,"href":"https:\/\/blogs.amarinha.gal\/ribadeando\/wp-json\/wp\/v2\/tags?post=5488"}],"curies":[{"name":"wp","href":"https:\/\/api.w.org\/{rel}","templated":true}]}}