{"id":5471,"date":"2018-09-02T13:32:00","date_gmt":"2018-09-02T11:32:00","guid":{"rendered":""},"modified":"2024-11-12T13:26:11","modified_gmt":"2024-11-12T12:26:11","slug":"unha-illa-de-tres-por-nuestro-faro","status":"publish","type":"post","link":"https:\/\/blogs.amarinha.gal\/ribadeando\/2018\/09\/02\/unha-illa-de-tres-por-nuestro-faro\/","title":{"rendered":"UNHA ILLA DE TRES. Por Nuestro Faro"},"content":{"rendered":"<p>&nbsp; &nbsp;No \u00faltimo pleno do concello de Ribadeo, celebrado o dia 31 de xullo, a concellerira do PSOE, Aurora Gonz\u00e1lez, preguntou al Sr. Alcalde pola resposta do goberno a unha pregunta acordada no pleno anterior   sobre o uso por particulares dos espazos da Illa Pancha que non entraron na concesi\u00f3n para os apartamentos. \u201cPOR NUESTRO FARO\u201d publicou notas nas que se daba conta do repetido uso destes espazos para visitas de persoas escollidas e fotograf\u00edas, ben aireadas nas redes sociais.<\/p>\n<p>&nbsp; &nbsp;Malia que non t\u00e9\u00f1amos grabada a resposta do rexidor suli\u00f1amos a sua actitude indiferente e distante nun asunto que representa unha flagrante discriminaci\u00f3n para a gran maior\u00eda da sociedade ribadense e mais os visitantes que se achegan aos faro nestas datas. Porque o fondo da custi\u00f3n \u00e9 este. \u00bfPorqu\u00e9 uns si e outros non? \u00bfE qu\u00e9 pensa facer o concello mais al\u00e1 de mandar unha unha nota oficial e deixar pasalo tempo indefinidamente?. A resposta do Sr. Alcalde foi tan breve como intrascendente, limit\u00e1ndose a dar conta da sua notificaci\u00f3n \u00e1 Autoridade Portuaria.<\/p>\n<p>&nbsp; &nbsp;Como \u00e9 sabido hai poucas semanas produciuse un cambio de goberno no Estado Espa\u00f1ol. Asemade o dia 3 de Xullo de 2018 o Defensor del Pueblo notificou ao noso grupo, e publicou una sua p\u00e1xina web, un novo requeriento urxente \u00e1 Autoridade Portuaria para que se dese resposta ao inqu\u00e9rito  anterior datado o 4 de xaneiro de 2018   \u201csobre el inicio de un procedimiento de evaluaci\u00f3n ambiental\u201d. Esta falla de evaluaci\u00f3n ambiental denunciada polo Defensor dende o seu primeiro informe (16.2.17) non foi reco\u00f1ecida inicialmente pola AP, pero finalmente ante a insistencia do defensor a as preguntas do deputado Fern\u00e1n Vello (19.12.17) acabou reco\u00f1ecendo que a lexislaci\u00f3n vixente en materia de protecci\u00f3n \u00e1 Rede Natura 2000 obligaba a completar ese estudo.  Sin embargo o goberno anterior non moveu unha palla para levar adiante a devandita \u201cevaluaci\u00f3n\u201d. Por ese motivo compre dirixirse ao novo goberno para que execute esa obriga e o defensor faino pedindo informaci\u00f3n \u201curxente\u201d. \u00bfQu\u00e9 fai  namentras o goberno municipal de Ribadeo? \u00bfQu\u00e9 fac\u00eda cando bendec\u00eda os acordos da Autoridade Portuaria dos gobernos anteriores?. Antes todo eran parabens para \u201cpuertos\u201d e agora, que hai unha posibilidade real de que os dereitos dos ribadenses sexan reco\u00f1ecidos pola nova administraci\u00f3n e o defensor insiste en pedir informaci\u00f3n urxente o alcalde l\u00e1vase as mans, permite a entrada dos invitados escollidos sen presionar a puertos e falta ao respeto nos plenos deixando pasalo tempo e po\u00f1endo  caras enfastiadas, desinter\u00e9s,  e  mesmo dando a entender que o dereito dos ribadenses e visitantes a facer uso da illa e un asunto que lle tira do aire.<\/p>\n<p>&nbsp; &nbsp;POR NUESTRO FARO 22.8.18<\/p>\n<p><a href=\"https:\/\/blogger.googleusercontent.com\/img\/b\/R29vZ2xl\/AVvXsEj1oEx5QdN4UaWr19mYQwUB1vwhOZcAL59-AMGgYqdjAx3cvs8SBVvJqEcbi3h_MDYcEKmdCiTRdxA1C_VBjpboJnoM7gT1QvDiyxdsGo4hnR2u4BEk22Bkc7f8cOaDbc-3vuqRQA\/s2048\/deGMaps.jpg\" imageanchor=\"1\" style=\"margin-left: 1em; margin-right: 1em;\"><img loading=\"lazy\" decoding=\"async\" height=\"462\" src=\"https:\/\/blogger.googleusercontent.com\/img\/b\/R29vZ2xl\/AVvXsEj1oEx5QdN4UaWr19mYQwUB1vwhOZcAL59-AMGgYqdjAx3cvs8SBVvJqEcbi3h_MDYcEKmdCiTRdxA1C_VBjpboJnoM7gT1QvDiyxdsGo4hnR2u4BEk22Bkc7f8cOaDbc-3vuqRQA\/s2048\/deGMaps.jpg\" width=\"640\" \/><\/a><\/p>\n","protected":false},"excerpt":{"rendered":"<p>&nbsp; &nbsp;No \u00faltimo pleno do concello de Ribadeo, celebrado o dia 31 de xullo, a concellerira do PSOE, Aurora Gonz\u00e1lez, preguntou al Sr. Alcalde pola resposta do goberno a unha pregunta acordada no pleno anterior sobre o uso por particulares dos espazos da Illa Pancha que non entraron na concesi\u00f3n para os apartamentos. \u201cPOR NUESTRO [&hellip;]<\/p>\n","protected":false},"author":3,"featured_media":0,"comment_status":"open","ping_status":"closed","sticky":false,"template":"","format":"standard","meta":{"activitypub_content_warning":"","activitypub_content_visibility":"","activitypub_max_image_attachments":3,"activitypub_interaction_policy_quote":"anyone","activitypub_status":"federate","footnotes":""},"categories":[1],"tags":[],"class_list":["post-5471","post","type-post","status-publish","format-standard","hentry","category-sen-categoria"],"_links":{"self":[{"href":"https:\/\/blogs.amarinha.gal\/ribadeando\/wp-json\/wp\/v2\/posts\/5471","targetHints":{"allow":["GET"]}}],"collection":[{"href":"https:\/\/blogs.amarinha.gal\/ribadeando\/wp-json\/wp\/v2\/posts"}],"about":[{"href":"https:\/\/blogs.amarinha.gal\/ribadeando\/wp-json\/wp\/v2\/types\/post"}],"author":[{"embeddable":true,"href":"https:\/\/blogs.amarinha.gal\/ribadeando\/wp-json\/wp\/v2\/users\/3"}],"replies":[{"embeddable":true,"href":"https:\/\/blogs.amarinha.gal\/ribadeando\/wp-json\/wp\/v2\/comments?post=5471"}],"version-history":[{"count":0,"href":"https:\/\/blogs.amarinha.gal\/ribadeando\/wp-json\/wp\/v2\/posts\/5471\/revisions"}],"wp:attachment":[{"href":"https:\/\/blogs.amarinha.gal\/ribadeando\/wp-json\/wp\/v2\/media?parent=5471"}],"wp:term":[{"taxonomy":"category","embeddable":true,"href":"https:\/\/blogs.amarinha.gal\/ribadeando\/wp-json\/wp\/v2\/categories?post=5471"},{"taxonomy":"post_tag","embeddable":true,"href":"https:\/\/blogs.amarinha.gal\/ribadeando\/wp-json\/wp\/v2\/tags?post=5471"}],"curies":[{"name":"wp","href":"https:\/\/api.w.org\/{rel}","templated":true}]}}