{"id":5467,"date":"2018-09-17T09:58:00","date_gmt":"2018-09-17T07:58:00","guid":{"rendered":""},"modified":"2024-11-12T13:26:05","modified_gmt":"2024-11-12T12:26:05","slug":"mana-martes-18-pleno","status":"publish","type":"post","link":"https:\/\/blogs.amarinha.gal\/ribadeando\/2018\/09\/17\/mana-martes-18-pleno\/","title":{"rendered":"Ma\u00f1\u00e1, martes 18, pleno"},"content":{"rendered":"<p><a href=\"http:\/\/ribadeo.sedelectronica.gal\/board?x=qZpBpSvvnUq-*I1x1J2oFgGhNqaXOHyYCo2*0kj4KoBzrf6WkbOie-9GhXpNEDQUCuNxlJVSxv3ZnxyNXKC8Lh3uznCbgVlptwQfGmv0YYZkY1erUkGfCWInvZC*C1Ab\" target=\"_blank\" rel=\"noopener\">Ma\u00f1\u00e1 martes 18 de setembro hai convocado un pleno<\/a>. Como ningu\u00e9n vai \u00e1 sede electr\u00f3nica do concello para mirar se hai ou non plenos (ou outras cousas) en boa parte polo intrincado que pode ser descubrir un documento, e \u00e1 espera do prometido mapa, copio a convocatoria:<\/p>\n<p><a href=\"https:\/\/blogger.googleusercontent.com\/img\/b\/R29vZ2xl\/AVvXsEjheSd-3ZeuNUxmi7JLqRwa_1qg_Kxp8qBIRvoazeLYV4sA5Ra7UsNYGxRnlai6DnWcANjVUP4y5tE4gSr85eN-6Wqn1v80Gwm8NtvSdPoCwgM7o7Cwi9Q3njgAaSXQcOWEpW_wUg\/s2048\/20180912_Decreto+da+convocatoria.jpg\" imageanchor=\"1\" style=\"margin-left: 1em; margin-right: 1em;\"><img decoding=\"async\" src=\"https:\/\/blogger.googleusercontent.com\/img\/b\/R29vZ2xl\/AVvXsEjheSd-3ZeuNUxmi7JLqRwa_1qg_Kxp8qBIRvoazeLYV4sA5Ra7UsNYGxRnlai6DnWcANjVUP4y5tE4gSr85eN-6Wqn1v80Gwm8NtvSdPoCwgM7o7Cwi9Q3njgAaSXQcOWEpW_wUg\/s2048\/20180912_Decreto+da+convocatoria.jpg\" \/><\/a><\/p>\n","protected":false},"excerpt":{"rendered":"<p>Ma\u00f1\u00e1 martes 18 de setembro hai convocado un pleno. Como ningu\u00e9n vai \u00e1 sede electr\u00f3nica do concello para mirar se hai ou non plenos (ou outras cousas) en boa parte polo intrincado que pode ser descubrir un documento, e \u00e1 espera do prometido mapa, copio a convocatoria:<\/p>\n","protected":false},"author":3,"featured_media":0,"comment_status":"open","ping_status":"closed","sticky":false,"template":"","format":"standard","meta":{"activitypub_content_warning":"","activitypub_content_visibility":"","activitypub_max_image_attachments":3,"activitypub_interaction_policy_quote":"anyone","activitypub_status":"federate","footnotes":""},"categories":[1],"tags":[42],"class_list":["post-5467","post","type-post","status-publish","format-standard","hentry","category-sen-categoria","tag-plenos"],"_links":{"self":[{"href":"https:\/\/blogs.amarinha.gal\/ribadeando\/wp-json\/wp\/v2\/posts\/5467","targetHints":{"allow":["GET"]}}],"collection":[{"href":"https:\/\/blogs.amarinha.gal\/ribadeando\/wp-json\/wp\/v2\/posts"}],"about":[{"href":"https:\/\/blogs.amarinha.gal\/ribadeando\/wp-json\/wp\/v2\/types\/post"}],"author":[{"embeddable":true,"href":"https:\/\/blogs.amarinha.gal\/ribadeando\/wp-json\/wp\/v2\/users\/3"}],"replies":[{"embeddable":true,"href":"https:\/\/blogs.amarinha.gal\/ribadeando\/wp-json\/wp\/v2\/comments?post=5467"}],"version-history":[{"count":0,"href":"https:\/\/blogs.amarinha.gal\/ribadeando\/wp-json\/wp\/v2\/posts\/5467\/revisions"}],"wp:attachment":[{"href":"https:\/\/blogs.amarinha.gal\/ribadeando\/wp-json\/wp\/v2\/media?parent=5467"}],"wp:term":[{"taxonomy":"category","embeddable":true,"href":"https:\/\/blogs.amarinha.gal\/ribadeando\/wp-json\/wp\/v2\/categories?post=5467"},{"taxonomy":"post_tag","embeddable":true,"href":"https:\/\/blogs.amarinha.gal\/ribadeando\/wp-json\/wp\/v2\/tags?post=5467"}],"curies":[{"name":"wp","href":"https:\/\/api.w.org\/{rel}","templated":true}]}}