{"id":5450,"date":"2018-10-19T08:47:00","date_gmt":"2018-10-19T06:47:00","guid":{"rendered":""},"modified":"2024-11-12T13:25:32","modified_gmt":"2024-11-12T12:25:32","slug":"martes-pleno","status":"publish","type":"post","link":"https:\/\/blogs.amarinha.gal\/ribadeando\/2018\/10\/19\/martes-pleno\/","title":{"rendered":"Martes, pleno"},"content":{"rendered":"<p>De novo, anunciado na <a href=\"http:\/\/ribadeo.sedelectronica.ga\/\" target=\"_blank\" rel=\"noopener\">Sede electr\u00f3nica<\/a>, como &#8216;decreto de convocatoria&#8217;, sin m\u00e1is, tratar\u00e1 a aprobaci\u00f3n definitiva dos documentos de xesti\u00f3n da residencia de maiores.<\/p>\n<p><a href=\"https:\/\/blogger.googleusercontent.com\/img\/b\/R29vZ2xl\/AVvXsEh4ksU3v-GXydoTY1nJ_GnE7B8IdkdMDffMFzhmTohVFXldY4kuTodQl8L_XXarJUoEnEoTmkw28vM_nPwS2xjfkftcPO81U0TyCbPHBlUOvWJKhI8YdQVOyREIFq39bnWZVoHxPg\/s2048\/20181018_Decreto+da+convocatoria+pleno.jpg\" imageanchor=\"1\" style=\"margin-left: 1em; margin-right: 1em;\"><img decoding=\"async\" src=\"https:\/\/blogger.googleusercontent.com\/img\/b\/R29vZ2xl\/AVvXsEh4ksU3v-GXydoTY1nJ_GnE7B8IdkdMDffMFzhmTohVFXldY4kuTodQl8L_XXarJUoEnEoTmkw28vM_nPwS2xjfkftcPO81U0TyCbPHBlUOvWJKhI8YdQVOyREIFq39bnWZVoHxPg\/s2048\/20181018_Decreto+da+convocatoria+pleno.jpg\" \/><\/a><\/p>\n","protected":false},"excerpt":{"rendered":"<p>De novo, anunciado na Sede electr\u00f3nica, como &#8216;decreto de convocatoria&#8217;, sin m\u00e1is, tratar\u00e1 a aprobaci\u00f3n definitiva dos documentos de xesti\u00f3n da residencia de maiores.<\/p>\n","protected":false},"author":3,"featured_media":0,"comment_status":"open","ping_status":"closed","sticky":false,"template":"","format":"standard","meta":{"activitypub_content_warning":"","activitypub_content_visibility":"","activitypub_max_image_attachments":3,"activitypub_interaction_policy_quote":"anyone","activitypub_status":"federated","footnotes":""},"categories":[1],"tags":[42,64],"class_list":["post-5450","post","type-post","status-publish","format-standard","hentry","category-sen-categoria","tag-plenos","tag-residencia"],"_links":{"self":[{"href":"https:\/\/blogs.amarinha.gal\/ribadeando\/wp-json\/wp\/v2\/posts\/5450","targetHints":{"allow":["GET"]}}],"collection":[{"href":"https:\/\/blogs.amarinha.gal\/ribadeando\/wp-json\/wp\/v2\/posts"}],"about":[{"href":"https:\/\/blogs.amarinha.gal\/ribadeando\/wp-json\/wp\/v2\/types\/post"}],"author":[{"embeddable":true,"href":"https:\/\/blogs.amarinha.gal\/ribadeando\/wp-json\/wp\/v2\/users\/3"}],"replies":[{"embeddable":true,"href":"https:\/\/blogs.amarinha.gal\/ribadeando\/wp-json\/wp\/v2\/comments?post=5450"}],"version-history":[{"count":0,"href":"https:\/\/blogs.amarinha.gal\/ribadeando\/wp-json\/wp\/v2\/posts\/5450\/revisions"}],"wp:attachment":[{"href":"https:\/\/blogs.amarinha.gal\/ribadeando\/wp-json\/wp\/v2\/media?parent=5450"}],"wp:term":[{"taxonomy":"category","embeddable":true,"href":"https:\/\/blogs.amarinha.gal\/ribadeando\/wp-json\/wp\/v2\/categories?post=5450"},{"taxonomy":"post_tag","embeddable":true,"href":"https:\/\/blogs.amarinha.gal\/ribadeando\/wp-json\/wp\/v2\/tags?post=5450"}],"curies":[{"name":"wp","href":"https:\/\/api.w.org\/{rel}","templated":true}]}}