{"id":5440,"date":"2018-11-12T09:39:00","date_gmt":"2018-11-12T08:39:00","guid":{"rendered":""},"modified":"2024-11-12T13:25:08","modified_gmt":"2024-11-12T12:25:08","slug":"electores-no-concello-de-ribadeo","status":"publish","type":"post","link":"https:\/\/blogs.amarinha.gal\/ribadeando\/2018\/11\/12\/electores-no-concello-de-ribadeo\/","title":{"rendered":"Electores no concello de Ribadeo"},"content":{"rendered":"<p>Despois de ter observado no taboeiro de anuncios en diversas ocasi\u00f3ns a notificaci\u00f3n do censo electoral do concello, por primeira vez que eu vira dita notificaci\u00f3n oficial mensual aparece na web do concello, no lugar da <a href=\"http:\/\/ribadeo.sedelectronica.gal\/info.1\" target=\"_blank\" rel=\"noopener\">sede electr\u00f3nica<\/a>, poucos meses antes de que apareza unha determinaci\u00f3n que pode facer variar os resultados das elecci\u00f3ns municipais: o censo de fin de ano, que determina o n\u00famero de concelleiros do concello. Se se mant\u00e9n por riba dos 10000 habitantes, seguiremos con 17 concelleiros; en caso de que baixe deles, voltaremos \u00f3s 13 representantes.<\/p>\n<p>Mentres chega o fin de ano, aqu\u00ed queda o gr\u00e1fico correspondente \u00e1 estat\u00edstica recollida no documento do censo electoral: &#8216;<em>En cumprimento da Instrucci\u00f3n 2.1 da Resoluci\u00f3n de 24 de febreiro de 2006, da Oficina do Censo Electoral, sobre un procedemento de control das altas no censo electoral, inf\u00f3rmase sobre o n\u00famero de electores nacionais residentes no municipio (inscritos no censo electoral maiores de idade) para a s\u00faa difusi\u00f3n no taboleiro de anuncios do Concello.<\/em>&#8216;<\/p>\n<p><a href=\"https:\/\/blogger.googleusercontent.com\/img\/b\/R29vZ2xl\/AVvXsEg5gSWfZnNqV6R4xS-yK4rxVB2MGFw3l7Lax6nYiXFG5OOSR_mQDzupMEJ6hNKThkJVPV00wjycL41YijRWWKbNhHmttdhXyJ8Fxd47CBH-HnvqrqJ_DVQutz_w5hfYNDch_T7PDw\/s2048\/electores+no+concello+de+Ribadeo.png\" imageanchor=\"1\" style=\"margin-left: 1em; margin-right: 1em;\"><img decoding=\"async\" src=\"https:\/\/blogger.googleusercontent.com\/img\/b\/R29vZ2xl\/AVvXsEg5gSWfZnNqV6R4xS-yK4rxVB2MGFw3l7Lax6nYiXFG5OOSR_mQDzupMEJ6hNKThkJVPV00wjycL41YijRWWKbNhHmttdhXyJ8Fxd47CBH-HnvqrqJ_DVQutz_w5hfYNDch_T7PDw\/s2048\/electores+no+concello+de+Ribadeo.png\" \/><\/a><\/p>\n<p>A gr\u00e1fica de abaixo fai ver que a variaci\u00f3n \u00e9 minima (o per\u00edodo representado, o que informa o documento, \u00e9 s\u00f3 un ano), mentres que o de arriba deixa ver unha fluctuaci\u00f3n que non oculta unha ca\u00edda por termo medio, con 54 persoas menos no censo \u00f3 final do per\u00edodo que \u00f3 comezo, un 0,67% menos. Cifra que, para un ano, \u00e9 unha baixada non pequena.<\/p>\n","protected":false},"excerpt":{"rendered":"<p>Despois de ter observado no taboeiro de anuncios en diversas ocasi\u00f3ns a notificaci\u00f3n do censo electoral do concello, por primeira vez que eu vira dita notificaci\u00f3n oficial mensual aparece na web do concello, no lugar da sede electr\u00f3nica, poucos meses antes de que apareza unha determinaci\u00f3n que pode facer variar os resultados das elecci\u00f3ns municipais: [&hellip;]<\/p>\n","protected":false},"author":3,"featured_media":0,"comment_status":"open","ping_status":"closed","sticky":false,"template":"","format":"standard","meta":{"activitypub_content_warning":"","activitypub_content_visibility":"","activitypub_max_image_attachments":3,"activitypub_interaction_policy_quote":"anyone","activitypub_status":"federate","footnotes":""},"categories":[1],"tags":[67],"class_list":["post-5440","post","type-post","status-publish","format-standard","hentry","category-sen-categoria","tag-estatisticas"],"_links":{"self":[{"href":"https:\/\/blogs.amarinha.gal\/ribadeando\/wp-json\/wp\/v2\/posts\/5440","targetHints":{"allow":["GET"]}}],"collection":[{"href":"https:\/\/blogs.amarinha.gal\/ribadeando\/wp-json\/wp\/v2\/posts"}],"about":[{"href":"https:\/\/blogs.amarinha.gal\/ribadeando\/wp-json\/wp\/v2\/types\/post"}],"author":[{"embeddable":true,"href":"https:\/\/blogs.amarinha.gal\/ribadeando\/wp-json\/wp\/v2\/users\/3"}],"replies":[{"embeddable":true,"href":"https:\/\/blogs.amarinha.gal\/ribadeando\/wp-json\/wp\/v2\/comments?post=5440"}],"version-history":[{"count":0,"href":"https:\/\/blogs.amarinha.gal\/ribadeando\/wp-json\/wp\/v2\/posts\/5440\/revisions"}],"wp:attachment":[{"href":"https:\/\/blogs.amarinha.gal\/ribadeando\/wp-json\/wp\/v2\/media?parent=5440"}],"wp:term":[{"taxonomy":"category","embeddable":true,"href":"https:\/\/blogs.amarinha.gal\/ribadeando\/wp-json\/wp\/v2\/categories?post=5440"},{"taxonomy":"post_tag","embeddable":true,"href":"https:\/\/blogs.amarinha.gal\/ribadeando\/wp-json\/wp\/v2\/tags?post=5440"}],"curies":[{"name":"wp","href":"https:\/\/api.w.org\/{rel}","templated":true}]}}