{"id":5427,"date":"2018-11-30T17:22:00","date_gmt":"2018-11-30T16:22:00","guid":{"rendered":""},"modified":"2024-11-12T13:24:46","modified_gmt":"2024-11-12T12:24:46","slug":"algunhas-fotos-de-outono-na-ria-de","status":"publish","type":"post","link":"https:\/\/blogs.amarinha.gal\/ribadeando\/2018\/11\/30\/algunhas-fotos-de-outono-na-ria-de\/","title":{"rendered":"Algunhas fotos de outono na r\u00eda de Ribadeo"},"content":{"rendered":"<p>Unha volta pola r\u00eda soe estar ben, pero hai momentos nos que est\u00e1 mellor&#8230;<\/p>\n<p><a href=\"https:\/\/blogger.googleusercontent.com\/img\/b\/R29vZ2xl\/AVvXsEgNrs8uNjOS4S-UYLudBO2YGa6eGzuRr5RU8_Zh3YSS0FYkAW_PxnqVHyeZ7_4OuBXRABIrVPvTSPTNEtU9BX7_WAoUIhbQ2NjAAmbJ7yJdiYlcP49UGQbbbm1sZxZjEtouoFjvng\/s2048\/As+Figueiras_.jpg\" imageanchor=\"1\" style=\"margin-left: 1em; margin-right: 1em;\"><img decoding=\"async\" src=\"https:\/\/blogger.googleusercontent.com\/img\/b\/R29vZ2xl\/AVvXsEgNrs8uNjOS4S-UYLudBO2YGa6eGzuRr5RU8_Zh3YSS0FYkAW_PxnqVHyeZ7_4OuBXRABIrVPvTSPTNEtU9BX7_WAoUIhbQ2NjAAmbJ7yJdiYlcP49UGQbbbm1sZxZjEtouoFjvng\/s2048\/As+Figueiras_.jpg\" \/><\/a><\/p>\n<p><a href=\"https:\/\/blogger.googleusercontent.com\/img\/b\/R29vZ2xl\/AVvXsEhye-tRq0nOGJtgqqLRhKflgiO3Nwiz00QClMuEmDRyqY5WhQFb8k5rjyzQzXWrxGHCgkkt1sR3-ASOQJnzXryeXjBGkotDf1xzk59jlzFHneHxUZM2F3odOYTK5LoFff2X71FfVA\/s2048\/Cami%25C3%25B3n+cargando+madeira+en+Mirasol_.jpg\" imageanchor=\"1\" style=\"margin-left: 1em; margin-right: 1em;\"><img decoding=\"async\" src=\"https:\/\/blogger.googleusercontent.com\/img\/b\/R29vZ2xl\/AVvXsEhye-tRq0nOGJtgqqLRhKflgiO3Nwiz00QClMuEmDRyqY5WhQFb8k5rjyzQzXWrxGHCgkkt1sR3-ASOQJnzXryeXjBGkotDf1xzk59jlzFHneHxUZM2F3odOYTK5LoFff2X71FfVA\/s2048\/Cami%25C3%25B3n+cargando+madeira+en+Mirasol_.jpg\" \/><\/a><\/p>\n<p><a href=\"https:\/\/blogger.googleusercontent.com\/img\/b\/R29vZ2xl\/AVvXsEi4dJrTlhh2hk7TMc1nCsiCU_j3NbMEftDD0oKrBDU1czlxLHHOKgbvO5x4v6kEr3fW5yTEGt4fiFIQrQ_nZEvlsqaA72BQrX3Hlk7sXwmL3FgmRVz6pI7RAmZMKUWA-ft8nf-Phw\/s2048\/Casa+do+Bispo+Cebeira_.jpg\" imageanchor=\"1\" style=\"margin-left: 1em; margin-right: 1em;\"><img decoding=\"async\" src=\"https:\/\/blogger.googleusercontent.com\/img\/b\/R29vZ2xl\/AVvXsEi4dJrTlhh2hk7TMc1nCsiCU_j3NbMEftDD0oKrBDU1czlxLHHOKgbvO5x4v6kEr3fW5yTEGt4fiFIQrQ_nZEvlsqaA72BQrX3Hlk7sXwmL3FgmRVz6pI7RAmZMKUWA-ft8nf-Phw\/s2048\/Casa+do+Bispo+Cebeira_.jpg\" \/><\/a><\/p>\n<p><a href=\"https:\/\/blogger.googleusercontent.com\/img\/b\/R29vZ2xl\/AVvXsEh2ltEb2JESjL9QpFEv76MWlvgsveT3t3uwJrJeg7KKAF8TzRpHqyYqNE2fFEm_9xD7aVaM-c9GBGdfw1qgEK_Qgqjnd7pa23zI3khCx0kZTS6G3QEBAlgJwT1PnvrcM0SPfzf9OQ\/s2048\/Ponte+dos+Santos_.jpg\" imageanchor=\"1\" style=\"margin-left: 1em; margin-right: 1em;\"><img decoding=\"async\" src=\"https:\/\/blogger.googleusercontent.com\/img\/b\/R29vZ2xl\/AVvXsEh2ltEb2JESjL9QpFEv76MWlvgsveT3t3uwJrJeg7KKAF8TzRpHqyYqNE2fFEm_9xD7aVaM-c9GBGdfw1qgEK_Qgqjnd7pa23zI3khCx0kZTS6G3QEBAlgJwT1PnvrcM0SPfzf9OQ\/s2048\/Ponte+dos+Santos_.jpg\" \/><\/a><\/p>\n<p><a href=\"https:\/\/blogger.googleusercontent.com\/img\/b\/R29vZ2xl\/AVvXsEiRBNGCJoJ1xPJxeDRHumLXJqfaTGqOwb3PYlVzy42x8X8C6oAGhZrKfr1lxP6ICvj5MjEbcCBM0mrnaGcE6ECTyWPzzqjT4mXD10B3I6isM72NLep_7kXeL1XKrGUOvNdp1tAWOw\/s2048\/Porto+deportivo_.jpg\" imageanchor=\"1\" style=\"margin-left: 1em; margin-right: 1em;\"><img decoding=\"async\" src=\"https:\/\/blogger.googleusercontent.com\/img\/b\/R29vZ2xl\/AVvXsEiRBNGCJoJ1xPJxeDRHumLXJqfaTGqOwb3PYlVzy42x8X8C6oAGhZrKfr1lxP6ICvj5MjEbcCBM0mrnaGcE6ECTyWPzzqjT4mXD10B3I6isM72NLep_7kXeL1XKrGUOvNdp1tAWOw\/s2048\/Porto+deportivo_.jpg\" \/><\/a><\/p>\n","protected":false},"excerpt":{"rendered":"<p>Unha volta pola r\u00eda soe estar ben, pero hai momentos nos que est\u00e1 mellor&#8230;<\/p>\n","protected":false},"author":3,"featured_media":0,"comment_status":"open","ping_status":"closed","sticky":false,"template":"","format":"standard","meta":{"activitypub_content_warning":"","activitypub_content_visibility":"","activitypub_max_image_attachments":3,"activitypub_interaction_policy_quote":"anyone","activitypub_status":"federated","footnotes":""},"categories":[1],"tags":[103,57,93],"class_list":["post-5427","post","type-post","status-publish","format-standard","hentry","category-sen-categoria","tag-fotos","tag-fotos-ria-de-ribadeo","tag-fotos-ribadeo"],"_links":{"self":[{"href":"https:\/\/blogs.amarinha.gal\/ribadeando\/wp-json\/wp\/v2\/posts\/5427","targetHints":{"allow":["GET"]}}],"collection":[{"href":"https:\/\/blogs.amarinha.gal\/ribadeando\/wp-json\/wp\/v2\/posts"}],"about":[{"href":"https:\/\/blogs.amarinha.gal\/ribadeando\/wp-json\/wp\/v2\/types\/post"}],"author":[{"embeddable":true,"href":"https:\/\/blogs.amarinha.gal\/ribadeando\/wp-json\/wp\/v2\/users\/3"}],"replies":[{"embeddable":true,"href":"https:\/\/blogs.amarinha.gal\/ribadeando\/wp-json\/wp\/v2\/comments?post=5427"}],"version-history":[{"count":0,"href":"https:\/\/blogs.amarinha.gal\/ribadeando\/wp-json\/wp\/v2\/posts\/5427\/revisions"}],"wp:attachment":[{"href":"https:\/\/blogs.amarinha.gal\/ribadeando\/wp-json\/wp\/v2\/media?parent=5427"}],"wp:term":[{"taxonomy":"category","embeddable":true,"href":"https:\/\/blogs.amarinha.gal\/ribadeando\/wp-json\/wp\/v2\/categories?post=5427"},{"taxonomy":"post_tag","embeddable":true,"href":"https:\/\/blogs.amarinha.gal\/ribadeando\/wp-json\/wp\/v2\/tags?post=5427"}],"curies":[{"name":"wp","href":"https:\/\/api.w.org\/{rel}","templated":true}]}}