{"id":5426,"date":"2018-12-03T17:18:00","date_gmt":"2018-12-03T16:18:00","guid":{"rendered":""},"modified":"2024-11-12T13:24:45","modified_gmt":"2024-11-12T12:24:45","slug":"o-sentemento-das-bandeiras-unha-imaxe","status":"publish","type":"post","link":"https:\/\/blogs.amarinha.gal\/ribadeando\/2018\/12\/03\/o-sentemento-das-bandeiras-unha-imaxe\/","title":{"rendered":"O sentemento das bandeiras: unha imaxe para pensar"},"content":{"rendered":"<p>Hoxe, mesmo en Ribadeo, f\u00e1lase moito do resultado das elecci\u00f3ns andaluzas de onte. Esta ma\u00f1\u00e1, as bandeiras na Pedro Murias ondeaban co forte vento feitas farrapos. Non son as persoas as que est\u00e1n feitas farrapos, sen\u00f3n as ideas e o que se fai con elas&#8230;<\/p>\n<p><a href=\"https:\/\/blogger.googleusercontent.com\/img\/b\/R29vZ2xl\/AVvXsEgY86Y-z47sjmEPB6N6jZd0kgAxQzw_7yo1IvTdFoYs-9iAQu4DKRwQF2eIPLLpwaByfG0iQTqvustTT-H85hNf88iTXXuHzAsHhrPe6me3i1NtIAT3Pl6CTQuAxUbdEJ7hTbpfMA\/s2048\/bandeiras+eran.jpg\" imageanchor=\"1\" style=\"margin-left: 1em; margin-right: 1em;\"><img decoding=\"async\" src=\"https:\/\/blogger.googleusercontent.com\/img\/b\/R29vZ2xl\/AVvXsEgY86Y-z47sjmEPB6N6jZd0kgAxQzw_7yo1IvTdFoYs-9iAQu4DKRwQF2eIPLLpwaByfG0iQTqvustTT-H85hNf88iTXXuHzAsHhrPe6me3i1NtIAT3Pl6CTQuAxUbdEJ7hTbpfMA\/s2048\/bandeiras+eran.jpg\" \/><\/a><\/p>\n<p>Unha imaxe para pensar&#8230;<\/p>\n","protected":false},"excerpt":{"rendered":"<p>Hoxe, mesmo en Ribadeo, f\u00e1lase moito do resultado das elecci\u00f3ns andaluzas de onte. Esta ma\u00f1\u00e1, as bandeiras na Pedro Murias ondeaban co forte vento feitas farrapos. Non son as persoas as que est\u00e1n feitas farrapos, sen\u00f3n as ideas e o que se fai con elas&#8230; Unha imaxe para pensar&#8230;<\/p>\n","protected":false},"author":3,"featured_media":0,"comment_status":"open","ping_status":"closed","sticky":false,"template":"","format":"standard","meta":{"activitypub_content_warning":"","activitypub_content_visibility":"","activitypub_max_image_attachments":3,"activitypub_interaction_policy_quote":"anyone","activitypub_status":"federated","footnotes":""},"categories":[1],"tags":[9],"class_list":["post-5426","post","type-post","status-publish","format-standard","hentry","category-sen-categoria","tag-sociedade"],"_links":{"self":[{"href":"https:\/\/blogs.amarinha.gal\/ribadeando\/wp-json\/wp\/v2\/posts\/5426","targetHints":{"allow":["GET"]}}],"collection":[{"href":"https:\/\/blogs.amarinha.gal\/ribadeando\/wp-json\/wp\/v2\/posts"}],"about":[{"href":"https:\/\/blogs.amarinha.gal\/ribadeando\/wp-json\/wp\/v2\/types\/post"}],"author":[{"embeddable":true,"href":"https:\/\/blogs.amarinha.gal\/ribadeando\/wp-json\/wp\/v2\/users\/3"}],"replies":[{"embeddable":true,"href":"https:\/\/blogs.amarinha.gal\/ribadeando\/wp-json\/wp\/v2\/comments?post=5426"}],"version-history":[{"count":0,"href":"https:\/\/blogs.amarinha.gal\/ribadeando\/wp-json\/wp\/v2\/posts\/5426\/revisions"}],"wp:attachment":[{"href":"https:\/\/blogs.amarinha.gal\/ribadeando\/wp-json\/wp\/v2\/media?parent=5426"}],"wp:term":[{"taxonomy":"category","embeddable":true,"href":"https:\/\/blogs.amarinha.gal\/ribadeando\/wp-json\/wp\/v2\/categories?post=5426"},{"taxonomy":"post_tag","embeddable":true,"href":"https:\/\/blogs.amarinha.gal\/ribadeando\/wp-json\/wp\/v2\/tags?post=5426"}],"curies":[{"name":"wp","href":"https:\/\/api.w.org\/{rel}","templated":true}]}}