{"id":5386,"date":"2019-02-18T10:56:00","date_gmt":"2019-02-18T09:56:00","guid":{"rendered":""},"modified":"2024-11-12T13:23:30","modified_gmt":"2024-11-12T12:23:30","slug":"paseando-sobre-ria-de-ribadeo","status":"publish","type":"post","link":"https:\/\/blogs.amarinha.gal\/ribadeando\/2019\/02\/18\/paseando-sobre-ria-de-ribadeo\/","title":{"rendered":"Paseando sobre a r\u00eda de Ribadeo"},"content":{"rendered":"<p>Fin de semana. Temperie agradable. Nun entorno como o de Ribadeo, un paseo preto do pobo est\u00e1 \u00e1 man. M\u00e1goa dun espect\u00e1culo como o da foto, tomada nos bloques, cunha luminaria destrozada e un cubo de lixo destrozado e estrado o seu contido. Febre do s\u00e1bado noite? O carallo! febre de imbecilidade animal.<\/p>\n<p><a href=\"https:\/\/blogger.googleusercontent.com\/img\/b\/R29vZ2xl\/AVvXsEgaR468vUISEPhyphenhyphenNSNYO7-jv0Vbut7qoYMle7mBT0UwNdK-AFr-iwQvhHE8oB5EojTkxD7afwyurUPCIR_oLYn6hDfECzun_vdTbXEBtMOV6jPyHAKP92-AlnijAMORazXRD12Ovg\/s2048\/destrozos+nos+bloques.jpg\" imageanchor=\"1\" style=\"margin-left: 1em; margin-right: 1em;\"><img decoding=\"async\" src=\"https:\/\/blogger.googleusercontent.com\/img\/b\/R29vZ2xl\/AVvXsEgaR468vUISEPhyphenhyphenNSNYO7-jv0Vbut7qoYMle7mBT0UwNdK-AFr-iwQvhHE8oB5EojTkxD7afwyurUPCIR_oLYn6hDfECzun_vdTbXEBtMOV6jPyHAKP92-AlnijAMORazXRD12Ovg\/s2048\/destrozos+nos+bloques.jpg\" \/><\/a><\/p>\n<p>&nbsp;L\u00e9mbrame a imaxe anterior a outra, esta tomada no Comado, nun lugar que poder\u00eda albergar a un dos famosos bancos &#8216;m\u00e1is bonito do mundo&#8217;. De feito, puxeron un para admirar a vista. E a imaxe amosa como est\u00e1 na actualidade. E iso que subir ata al\u00ed require como m\u00ednimo, tempo de veh\u00edculo se vas motorizado.<\/p>\n<p><a href=\"https:\/\/blogger.googleusercontent.com\/img\/b\/R29vZ2xl\/AVvXsEh0B6IZ3RKENskDmV0SGalZcghuDnWEw8FFlipQGedz-phG24IGu2gj8dPvmjcMt5ruClaRcSqPiwMOp6Bo4yh0A0dsSiho5pmYUiddD6P2NcvvK93QDEUpegYGiPGSgVFsKu4wfg\/s2048\/banco+destrozado+no+Comado.jpg\" imageanchor=\"1\" style=\"margin-left: 1em; margin-right: 1em;\"><img decoding=\"async\" src=\"https:\/\/blogger.googleusercontent.com\/img\/b\/R29vZ2xl\/AVvXsEh0B6IZ3RKENskDmV0SGalZcghuDnWEw8FFlipQGedz-phG24IGu2gj8dPvmjcMt5ruClaRcSqPiwMOp6Bo4yh0A0dsSiho5pmYUiddD6P2NcvvK93QDEUpegYGiPGSgVFsKu4wfg\/s2048\/banco+destrozado+no+Comado.jpg\" \/><\/a><\/p>\n<p>Volvamos a Ribadeo. Un paseo pode levar a un a ver as exportaci\u00f3ns que saen polo porto, como os mont\u00f3ns de madeira (de pino a maior\u00eda, neste caso) que se apilan en Mirasol. Miles de toneladas dispostas a ser cargadas.<\/p>\n<p><a href=\"https:\/\/blogger.googleusercontent.com\/img\/b\/R29vZ2xl\/AVvXsEgLflLUT0GZPYLwVwt693rcMLLCRNzY3WxeeonZpHuAfqm_7zF8nprrS-ULEUnXLmOlH-ncGW47m2wkdGE1HoYVwFOuTL4aBvg9Cc1QH-fPDPqSHjbkzCZ-9VpvMahSaojYCbImdQ\/s2048\/pino+en+Mirasol.jpg\" imageanchor=\"1\" style=\"margin-left: 1em; margin-right: 1em;\"><img decoding=\"async\" src=\"https:\/\/blogger.googleusercontent.com\/img\/b\/R29vZ2xl\/AVvXsEgLflLUT0GZPYLwVwt693rcMLLCRNzY3WxeeonZpHuAfqm_7zF8nprrS-ULEUnXLmOlH-ncGW47m2wkdGE1HoYVwFOuTL4aBvg9Cc1QH-fPDPqSHjbkzCZ-9VpvMahSaojYCbImdQ\/s2048\/pino+en+Mirasol.jpg\" \/><\/a><\/p>\n<p>Un paseo ma\u00f1aneiro permite ver como se levanta o Sol polo fondo da Li\u00f1eira.<\/p>\n<p><a href=\"https:\/\/blogger.googleusercontent.com\/img\/b\/R29vZ2xl\/AVvXsEgdJSevK3Zt9CCxeRQ0h3hkcOaCZbR6rJmgj6l8mXG8LmUQbP-eufQCgv68_nvIiT6i_pqAIhBDtgdSVfZYIV7sfjsls3rPhx2XjSuEWO70aXZa5GtzFaCgWt2VR7O_Yy2ZUBpUEg\/s2048\/amencer+sobre+Mirasol.jpg\" imageanchor=\"1\" style=\"margin-left: 1em; margin-right: 1em;\"><img decoding=\"async\" src=\"https:\/\/blogger.googleusercontent.com\/img\/b\/R29vZ2xl\/AVvXsEgdJSevK3Zt9CCxeRQ0h3hkcOaCZbR6rJmgj6l8mXG8LmUQbP-eufQCgv68_nvIiT6i_pqAIhBDtgdSVfZYIV7sfjsls3rPhx2XjSuEWO70aXZa5GtzFaCgWt2VR7O_Yy2ZUBpUEg\/s2048\/amencer+sobre+Mirasol.jpg\" \/><\/a><\/p>\n<p>Pero a\u00ednda que non sexa tan cedo, dende o parque do mineral pode aprezarse o fondo da r\u00eda, a salvo cun l\u00edmite do campo con cordas que leva sufrido xa agresi\u00f3ns e pola traxectoria, seguir\u00e1 a sufrilas.<\/p>\n<p><a href=\"https:\/\/blogger.googleusercontent.com\/img\/b\/R29vZ2xl\/AVvXsEjGWNkSeA2pmM9ZT3B6rQIv0WXhIrdpSybfTs5bhhnZ1RezfINqGQT_uCsgEDiiRFveXanV4l1Wn0o3Yrn9uNYkyYL7AiY-F_jfvDa7Y6uzf4qBERPTlokDY_SWjuqE-m8qzAprdQ\/s2048\/fondo+da+r%25C3%25ADa+de+Ribadeo.jpg\" imageanchor=\"1\" style=\"margin-left: 1em; margin-right: 1em;\"><img decoding=\"async\" src=\"https:\/\/blogger.googleusercontent.com\/img\/b\/R29vZ2xl\/AVvXsEjGWNkSeA2pmM9ZT3B6rQIv0WXhIrdpSybfTs5bhhnZ1RezfINqGQT_uCsgEDiiRFveXanV4l1Wn0o3Yrn9uNYkyYL7AiY-F_jfvDa7Y6uzf4qBERPTlokDY_SWjuqE-m8qzAprdQ\/s2048\/fondo+da+r%25C3%25ADa+de+Ribadeo.jpg\" \/><\/a><\/p>\n<p>&nbsp;E, voltando \u00f3 sitio de inicio, como conxugar\u00e1 quen fai os destrozos o lixo estrado coas novas duchas (que xa fac\u00edan falta&#8230;)<\/p>\n<p><a href=\"https:\/\/blogger.googleusercontent.com\/img\/b\/R29vZ2xl\/AVvXsEhvngyWkO9gx4SCXfRE1LIcfTIY-TCAO9goOgZZCyJzmu0yoaVJWVyZfrT_ksZxFuBAnhgdv-0ok8JWkprWFYNcxhkJCV_2sDkMJKcVDXV7gEmPa_f55qcrnrL01MsB0MD1A1WppQ\/s2048\/novas+duchas+nos+bloques.jpg\" imageanchor=\"1\" style=\"margin-left: 1em; margin-right: 1em;\"><img decoding=\"async\" src=\"https:\/\/blogger.googleusercontent.com\/img\/b\/R29vZ2xl\/AVvXsEhvngyWkO9gx4SCXfRE1LIcfTIY-TCAO9goOgZZCyJzmu0yoaVJWVyZfrT_ksZxFuBAnhgdv-0ok8JWkprWFYNcxhkJCV_2sDkMJKcVDXV7gEmPa_f55qcrnrL01MsB0MD1A1WppQ\/s2048\/novas+duchas+nos+bloques.jpg\" \/><\/a><\/p>\n<p>En fin, Ribadeo ten recunchos para un paseo. E para moitos.<\/p>\n","protected":false},"excerpt":{"rendered":"<p>Fin de semana. Temperie agradable. Nun entorno como o de Ribadeo, un paseo preto do pobo est\u00e1 \u00e1 man. M\u00e1goa dun espect\u00e1culo como o da foto, tomada nos bloques, cunha luminaria destrozada e un cubo de lixo destrozado e estrado o seu contido. Febre do s\u00e1bado noite? O carallo! febre de imbecilidade animal. &nbsp;L\u00e9mbrame a [&hellip;]<\/p>\n","protected":false},"author":3,"featured_media":0,"comment_status":"open","ping_status":"closed","sticky":false,"template":"","format":"standard","meta":{"activitypub_content_warning":"","activitypub_content_visibility":"","activitypub_max_image_attachments":3,"activitypub_interaction_policy_quote":"anyone","activitypub_status":"federated","footnotes":""},"categories":[1],"tags":[103,57,26],"class_list":["post-5386","post","type-post","status-publish","format-standard","hentry","category-sen-categoria","tag-fotos","tag-fotos-ria-de-ribadeo","tag-medio"],"_links":{"self":[{"href":"https:\/\/blogs.amarinha.gal\/ribadeando\/wp-json\/wp\/v2\/posts\/5386","targetHints":{"allow":["GET"]}}],"collection":[{"href":"https:\/\/blogs.amarinha.gal\/ribadeando\/wp-json\/wp\/v2\/posts"}],"about":[{"href":"https:\/\/blogs.amarinha.gal\/ribadeando\/wp-json\/wp\/v2\/types\/post"}],"author":[{"embeddable":true,"href":"https:\/\/blogs.amarinha.gal\/ribadeando\/wp-json\/wp\/v2\/users\/3"}],"replies":[{"embeddable":true,"href":"https:\/\/blogs.amarinha.gal\/ribadeando\/wp-json\/wp\/v2\/comments?post=5386"}],"version-history":[{"count":0,"href":"https:\/\/blogs.amarinha.gal\/ribadeando\/wp-json\/wp\/v2\/posts\/5386\/revisions"}],"wp:attachment":[{"href":"https:\/\/blogs.amarinha.gal\/ribadeando\/wp-json\/wp\/v2\/media?parent=5386"}],"wp:term":[{"taxonomy":"category","embeddable":true,"href":"https:\/\/blogs.amarinha.gal\/ribadeando\/wp-json\/wp\/v2\/categories?post=5386"},{"taxonomy":"post_tag","embeddable":true,"href":"https:\/\/blogs.amarinha.gal\/ribadeando\/wp-json\/wp\/v2\/tags?post=5386"}],"curies":[{"name":"wp","href":"https:\/\/api.w.org\/{rel}","templated":true}]}}