{"id":5380,"date":"2019-03-01T23:37:00","date_gmt":"2019-03-01T22:37:00","guid":{"rendered":""},"modified":"2024-11-12T13:23:12","modified_gmt":"2024-11-12T12:23:12","slug":"a-crise-na-asistencia-sanitaria","status":"publish","type":"post","link":"https:\/\/blogs.amarinha.gal\/ribadeando\/2019\/03\/01\/a-crise-na-asistencia-sanitaria\/","title":{"rendered":"A crise na asistencia sanitaria. Pablo Mosquera"},"content":{"rendered":"<p class=\"result-shield-container tlid-copy-target\"><span class=\"tlid-translation translation\">Dos dereitos sociais contemplados polo Ordeamento Xur\u00eddico que protexe o Estado de Dereito a trav\u00e9s da Constituci\u00f3n de 1978 e os diferentes Estatutos de Autonom\u00eda, qu\u00e9dome o que aprendemos do Servizo Nacional de Sa\u00fade no Reino Unido. Curar e coidar, que dan orixe ao que m\u00e1is tarde se chama Espazo Socio-Sanitario. A tal cuesti\u00f3n que garante o dereito \u00e1 sa\u00fade, incl\u00fao unha reflexi\u00f3n progresista. Os dereitos non poden ser mercador\u00edas. Outra cuesti\u00f3n \u00e9 a forma en que os pagamos e onde, na orde preferente, en tempos con recursos escasos, po\u00f1emos un gasto semellante.<br \/>\nOs mellores instrumentos utilizados na sanimetr\u00eda seguen sendo o Mapa de Sa\u00fade e os Plans de Sa\u00fade. Ambos est\u00e1n baseados en datos reais, est\u00e1n suxeitos ao control parlamentario porque \u00e9 unha xesti\u00f3n da que se precisa eficiencia e require modificaci\u00f3ns axeitadas, pero sempre nunha premisa de asistencia integrada e integral aos cidad\u00e1ns. Precisamente estes dereitos sociais son os que establecen as coordenadas reais da cidadan\u00eda.<br \/>\nO sistema integrado \u00e9 aquel que incl\u00fae desde a comunidade de servizos sociais, asistencia farmac\u00e9utica, coidados en centros de sa\u00fade e atenci\u00f3n urxente e planificada en hospitais, e toda esa estrutura nunha rexi\u00f3n ou zona urbana, de ser unha gran cidade. Para determinar unha rexi\u00f3n, util\u00edzanse os criterios hist\u00f3ricos e de poboaci\u00f3n e as chamadas curvas is\u00f3cronas, que permiten establecer os tempos de acceso a cada un dos recursos que est\u00e1n integrados no sistema sanitario.<br \/>\nA conversi\u00f3n de toda a provincia de Lugo na mesma zona de sa\u00fade \u00e9 un erro moi grave. M\u00e1is a\u00ednda se os servizos sociais non forman parte da mesma xesti\u00f3n &#8220;integrada&#8221;. A Mari\u00f1a \u00e9 un territorio-provincia de Mondo\u00f1edo, coa s\u00faa propia poboaci\u00f3n e caracter\u00edsticas xeogr\u00e1ficas, sen comunicaci\u00f3n por v\u00eda f\u00e9rrea entre a capital do sistema e o norte, que tam\u00e9n debe inclu\u00edr diferentes plans de sa\u00fade pola din\u00e1mica poboacional, a contaminaci\u00f3n da industria do aluminio e a influencia do clima mar\u00edtimo.<br \/>\nOs centros de sa\u00fade deben ter equipos de sa\u00fade. Moi en especial para resolver e non derivar. De cara aumentar a dispo\u00f1ibilidade de tempo m\u00e9dico no proceso de diagn\u00f3stico e tratamento, para o cal \u00e9 necesario redistribu\u00edr a asistencia entre farmacias e enfermer\u00eda, pero conectando toda a actividade, dos protocolos de actuaci\u00f3n ata a investigaci\u00f3n epidemiol\u00f3xica, cos hospitais.<br \/>\nA informaci\u00f3n e participaci\u00f3n de usuarios e traballadores do sistema representa un procedemento \u00fatil, democr\u00e1tico e enriquecedor para a toma de decisi\u00f3ns. Especialmente tendo en conta que o SERGAS coas s\u00faas plantillas e instalaci\u00f3ns conv\u00e9rtese no n\u00facleo principal de nichos de riqueza e emprego p\u00fablico.<\/span><\/p><\/p>\n","protected":false},"excerpt":{"rendered":"<p>Dos dereitos sociais contemplados polo Ordeamento Xur\u00eddico que protexe o Estado de Dereito a trav\u00e9s da Constituci\u00f3n de 1978 e os diferentes Estatutos de Autonom\u00eda, qu\u00e9dome o que aprendemos do Servizo Nacional de Sa\u00fade no Reino Unido. Curar e coidar, que dan orixe ao que m\u00e1is tarde se chama Espazo Socio-Sanitario. A tal cuesti\u00f3n que [&hellip;]<\/p>\n","protected":false},"author":3,"featured_media":0,"comment_status":"open","ping_status":"closed","sticky":false,"template":"","format":"standard","meta":{"activitypub_content_warning":"","activitypub_content_visibility":"","activitypub_max_image_attachments":3,"activitypub_interaction_policy_quote":"anyone","activitypub_status":"federate","footnotes":""},"categories":[1],"tags":[14,27],"class_list":["post-5380","post","type-post","status-publish","format-standard","hentry","category-sen-categoria","tag-pablo-mosquera","tag-sanidade"],"_links":{"self":[{"href":"https:\/\/blogs.amarinha.gal\/ribadeando\/wp-json\/wp\/v2\/posts\/5380","targetHints":{"allow":["GET"]}}],"collection":[{"href":"https:\/\/blogs.amarinha.gal\/ribadeando\/wp-json\/wp\/v2\/posts"}],"about":[{"href":"https:\/\/blogs.amarinha.gal\/ribadeando\/wp-json\/wp\/v2\/types\/post"}],"author":[{"embeddable":true,"href":"https:\/\/blogs.amarinha.gal\/ribadeando\/wp-json\/wp\/v2\/users\/3"}],"replies":[{"embeddable":true,"href":"https:\/\/blogs.amarinha.gal\/ribadeando\/wp-json\/wp\/v2\/comments?post=5380"}],"version-history":[{"count":0,"href":"https:\/\/blogs.amarinha.gal\/ribadeando\/wp-json\/wp\/v2\/posts\/5380\/revisions"}],"wp:attachment":[{"href":"https:\/\/blogs.amarinha.gal\/ribadeando\/wp-json\/wp\/v2\/media?parent=5380"}],"wp:term":[{"taxonomy":"category","embeddable":true,"href":"https:\/\/blogs.amarinha.gal\/ribadeando\/wp-json\/wp\/v2\/categories?post=5380"},{"taxonomy":"post_tag","embeddable":true,"href":"https:\/\/blogs.amarinha.gal\/ribadeando\/wp-json\/wp\/v2\/tags?post=5380"}],"curies":[{"name":"wp","href":"https:\/\/api.w.org\/{rel}","templated":true}]}}