{"id":5361,"date":"2019-03-30T18:42:00","date_gmt":"2019-03-30T17:42:00","guid":{"rendered":""},"modified":"2024-11-12T13:22:36","modified_gmt":"2024-11-12T12:22:36","slug":"hoxe-foi-o-acto-de-nomeamento-de-suso","status":"publish","type":"post","link":"https:\/\/blogs.amarinha.gal\/ribadeando\/2019\/03\/30\/hoxe-foi-o-acto-de-nomeamento-de-suso\/","title":{"rendered":"Hoxe foi o acto de nomeamento de Suso Pe\u00f1a como fillo predilecto de Ribadeo. V\u00eddeo"},"content":{"rendered":"<p>\u00c1s 12 da ma\u00f1\u00e1, s\u00f3 <a href=\"http:\/\/ribadeando.blogspot.com\/2019\/03\/mana-as-12-suso-pena-fillo-predilecto.html\">anunciado de xeito p\u00fablico onte por Ribadeando<\/a> e hoxe nunha nota curta por El Progreso, tivo lugar o pleno de nomeamento de <a href=\"http:\/\/ribadeando.blogspot.com\/search?q=suso+pe%C3%B1a\">Suso Pe\u00f1a<\/a> como fillo predilecto de Ribadeo. O acordo tomouse no pleno do pasado d\u00eda 13 de marzo, de xeito un\u00e1nime, tal como aparece no v\u00eddeo.<\/p>\n<p>A cerimonia tivo unha carga emotiva, m\u00e1is que polo que se dixo polo sentemento conxunto dos al\u00ed presentes.<\/p>\n<p>O t\u00edtulo:<\/p>\n<p><a href=\"https:\/\/blogger.googleusercontent.com\/img\/b\/R29vZ2xl\/AVvXsEiS6q9-c5sP4lhVEI1kKW53SMVaaD5rgJztm83JOTYeGI4YeFOI60BalL4RsdVzqCEWWt2qAlEkMvpCuswC1Y1RYBflDlcYpeg-8whplfC0PO2FWdjJY1R5xyfdNbjOIYmx2FHm1g\/s2048\/T%25C3%25ADtulo+de+fillo+predilecto+de+Ribadeo+de+Suso+Pe%25C3%25B1a_.jpg\" style=\"margin-left: 1em; margin-right: 1em;\"><img decoding=\"async\" src=\"https:\/\/blogger.googleusercontent.com\/img\/b\/R29vZ2xl\/AVvXsEiS6q9-c5sP4lhVEI1kKW53SMVaaD5rgJztm83JOTYeGI4YeFOI60BalL4RsdVzqCEWWt2qAlEkMvpCuswC1Y1RYBflDlcYpeg-8whplfC0PO2FWdjJY1R5xyfdNbjOIYmx2FHm1g\/s2048\/T%25C3%25ADtulo+de+fillo+predilecto+de+Ribadeo+de+Suso+Pe%25C3%25B1a_.jpg\" \/><\/a><\/p>\n<p>A convocatoria do pleno:<\/p>\n<p><a href=\"https:\/\/blogger.googleusercontent.com\/img\/b\/R29vZ2xl\/AVvXsEhy3-HPo79X00sKlO_nkQ9wqb-_AOa2uirzRUw-SG5bpBZC-b7ilEayJnSSIWVln8BmCM-EN-sYKkEJmPMEGLjm9DufMfvg0ZkZluUTfznxXsZ-bR2PUvYJcrDhvt93nRyW3Wp8Sg\/s2048\/20190327_Convocatoria+pleno+nomeamento+Suso+Pe%25C3%25B1a+fillo+predilecto+Ribadeo.jpg\" style=\"margin-left: 1em; margin-right: 1em;\"><img decoding=\"async\" src=\"https:\/\/blogger.googleusercontent.com\/img\/b\/R29vZ2xl\/AVvXsEhy3-HPo79X00sKlO_nkQ9wqb-_AOa2uirzRUw-SG5bpBZC-b7ilEayJnSSIWVln8BmCM-EN-sYKkEJmPMEGLjm9DufMfvg0ZkZluUTfznxXsZ-bR2PUvYJcrDhvt93nRyW3Wp8Sg\/s2048\/20190327_Convocatoria+pleno+nomeamento+Suso+Pe%25C3%25B1a+fillo+predilecto+Ribadeo.jpg\" \/><\/a><\/p>\n<p>O v\u00eddeo do acto:<\/p>\n<p><iframe loading=\"lazy\" allowfullscreen=\"\" class=\"YOUTUBE-iframe-video\" data-thumbnail-src=\"https:\/\/i.ytimg.com\/vi\/6Z9uTu1dyoo\/0.jpg\" frameborder=\"0\" height=\"266\" src=\"https:\/\/www.youtube.com\/embed\/6Z9uTu1dyoo?feature=player_embedded\" width=\"320\"><\/iframe><\/p>\n<p>Entidades que pediron o nomeamento (por orde alfab\u00e9tica):<\/p>\n<p><a href=\"http:\/\/ribadeando.blogspot.com\/search\/label\/ACISA\">Acisa<\/a><\/p>\n<p><a href=\"http:\/\/ribadeando.blogspot.com\/search?q=Amarante\">Amarante-Setem<\/a><\/p>\n<p>Asociaci\u00f3n Cultural Ronqueta<\/p>\n<p><a href=\"http:\/\/ribadeando.blogspot.com\/search?q=Lanza\">Asociaci\u00f3n Cultural Francisco Lanza<\/a><\/p>\n<p>Asociaci\u00f3n Cultural T\u00e1 en Artes<\/p>\n<p><a href=\"http:\/\/ribadeando.blogspot.com\/search?q=Filantr%C3%B3pico-Dram%C3%A1tica\">Asociaci\u00f3n Filantr\u00f3pico-Dram\u00e1tica<\/a><\/p>\n<p><a href=\"http:\/\/ribadeando.blogspot.com\/search?q=Asociaci%C3%B3n+de+veci%C3%B1os+Atalaia\">Asociaci\u00f3n de Veci\u00f1os A Atalaia<\/a><\/p>\n<p><a href=\"http:\/\/ribadeando.blogspot.com\/search?q=Asociaci%C3%B3n+O+Tes%C3%B3n\">Asociaci\u00f3n de Veci\u00f1os O Tes\u00f3n<\/a><\/p>\n<p><a href=\"http:\/\/ribadeando.blogspot.com\/search?q=Porta%20da%20auga\">CIFP Porta da Auga<\/a><\/p>\n<p><a href=\"http:\/\/ribadeando.blogspot.com\/2013\/03\/actos-do-dia-internacional-da-muller.html\">Colectivo 8 de marzo<\/a><\/p>\n<p><a href=\"http:\/\/ribadeando.blogspot.com\/search?q=Por%20nuestro%20faro\">Colectivo Por Nuestro Faro <\/a><\/p>\n<p><a href=\"http:\/\/ribadeando.blogspot.com\/search?q=Sagrado%20coraz%C3%B3n\">Colexio Sagrado Coraz\u00f3n de Xes\u00fas<\/a><\/p>\n<p><a href=\"http:\/\/ribadeando.blogspot.com\/search?q=polif%C3%B3nica%20Ribadeo\">Coral Polif\u00f3nica de Ribadeo+<\/a><\/p>\n<p><a href=\"http:\/\/ribadeando.blogspot.com\/search?q=IES%20Ribadeo\">IES de Ribadeo Dionisio Gamallo<\/p>\n<p><\/a><a href=\"http:\/\/ribadeando.blogspot.com\/search?q=SSM A Concordia\">SSM A Concordia<\/a><\/p>\n","protected":false},"excerpt":{"rendered":"<p>\u00c1s 12 da ma\u00f1\u00e1, s\u00f3 anunciado de xeito p\u00fablico onte por Ribadeando e hoxe nunha nota curta por El Progreso, tivo lugar o pleno de nomeamento de Suso Pe\u00f1a como fillo predilecto de Ribadeo. O acordo tomouse no pleno do pasado d\u00eda 13 de marzo, de xeito un\u00e1nime, tal como aparece no v\u00eddeo. A cerimonia [&hellip;]<\/p>\n","protected":false},"author":3,"featured_media":0,"comment_status":"open","ping_status":"closed","sticky":false,"template":"","format":"standard","meta":{"activitypub_content_warning":"","activitypub_content_visibility":"","activitypub_max_image_attachments":3,"activitypub_interaction_policy_quote":"anyone","activitypub_status":"federate","footnotes":""},"categories":[1],"tags":[107,10,42,9],"class_list":["post-5361","post","type-post","status-publish","format-standard","hentry","category-sen-categoria","tag-ac-francisco-lanza","tag-cultura","tag-plenos","tag-sociedade"],"_links":{"self":[{"href":"https:\/\/blogs.amarinha.gal\/ribadeando\/wp-json\/wp\/v2\/posts\/5361","targetHints":{"allow":["GET"]}}],"collection":[{"href":"https:\/\/blogs.amarinha.gal\/ribadeando\/wp-json\/wp\/v2\/posts"}],"about":[{"href":"https:\/\/blogs.amarinha.gal\/ribadeando\/wp-json\/wp\/v2\/types\/post"}],"author":[{"embeddable":true,"href":"https:\/\/blogs.amarinha.gal\/ribadeando\/wp-json\/wp\/v2\/users\/3"}],"replies":[{"embeddable":true,"href":"https:\/\/blogs.amarinha.gal\/ribadeando\/wp-json\/wp\/v2\/comments?post=5361"}],"version-history":[{"count":0,"href":"https:\/\/blogs.amarinha.gal\/ribadeando\/wp-json\/wp\/v2\/posts\/5361\/revisions"}],"wp:attachment":[{"href":"https:\/\/blogs.amarinha.gal\/ribadeando\/wp-json\/wp\/v2\/media?parent=5361"}],"wp:term":[{"taxonomy":"category","embeddable":true,"href":"https:\/\/blogs.amarinha.gal\/ribadeando\/wp-json\/wp\/v2\/categories?post=5361"},{"taxonomy":"post_tag","embeddable":true,"href":"https:\/\/blogs.amarinha.gal\/ribadeando\/wp-json\/wp\/v2\/tags?post=5361"}],"curies":[{"name":"wp","href":"https:\/\/api.w.org\/{rel}","templated":true}]}}