{"id":5339,"date":"2019-05-12T17:55:00","date_gmt":"2019-05-12T15:55:00","guid":{"rendered":""},"modified":"2024-11-12T13:21:55","modified_gmt":"2024-11-12T12:21:55","slug":"coneces-quenes-se-presentan-as-eleccion","status":"publish","type":"post","link":"https:\/\/blogs.amarinha.gal\/ribadeando\/2019\/05\/12\/coneces-quenes-se-presentan-as-eleccion\/","title":{"rendered":"Co\u00f1eces a quenes se presentan \u00e1s elecci\u00f3ns \u00f3 concello de Ribadeo?"},"content":{"rendered":"<p><a href=\"https:\/\/blogger.googleusercontent.com\/img\/b\/R29vZ2xl\/AVvXsEj-NtstbVtsagmypAXjzyGtOojx8uKGMBt67R6v5a6e4vdo4x4FDdHp1to2qUNn0jcOyj1ec8kAD1S39s_GpaZ3WN9I6MhRT0CI-dvKj465g03hmJtV5AnC05e4oostD22kStf-Yg\/s2048\/Elecci%25C3%25B3ns+locais+e+parlamento+europeo+2019.png\" style=\"margin-left: 1em; margin-right: 1em;\"><img decoding=\"async\" src=\"https:\/\/blogger.googleusercontent.com\/img\/b\/R29vZ2xl\/AVvXsEj-NtstbVtsagmypAXjzyGtOojx8uKGMBt67R6v5a6e4vdo4x4FDdHp1to2qUNn0jcOyj1ec8kAD1S39s_GpaZ3WN9I6MhRT0CI-dvKj465g03hmJtV5AnC05e4oostD22kStf-Yg\/s2048\/Elecci%25C3%25B3ns+locais+e+parlamento+europeo+2019.png\" \/><\/a><\/p>\n<\/p>\n<p><span>&nbsp;&nbsp; &nbsp;<\/span>Supo\u00f1o que xa ver\u00edas todas as candidaturas, pero non xuntas, o que dificulta comparar e fan que se esquezan nomes. A falta de co\u00f1ecer programas (polo momento, coido que s\u00f3 unha formaci\u00f3n est\u00e1 facendo un anuncio do seu esbozo de programa dun xeito sistem\u00e1tico), aqu\u00ed van as candidaturas que se presentan \u00f3 concello para as elecci\u00f3ns do 26 de maio de 2019 ( <a href=\"http:\/\/deputacionlugo.gal\/sites\/deputacionlugo.org\/files\/inline-files\/24-04-2019.pdf\" target=\"_blank\" rel=\"noopener\">B.O.P de Lugo N\u00fam. 093 \u2013 M\u00e9rcores, 24 de Abril de 2019<\/a>, p. 69 e ss.):<\/p>\n<p>Circunscripci\u00f3n electoral: RIBADEO<\/p>\n<p>Candidatura n\u00fam. 1:RIBADEO NOS UNE<\/p>\n<p>1.-RAMON ACU\u00d1A GONZALEZ<\/p>\n<p>2.-ANTONIO VICENTE FERNANDEZ FERNANDEZ<\/p>\n<p>3.-MARIA DEL CARMEN VILLAGARCIA RIO<\/p>\n<p>4.-PERFECTO RODRIGUEZ GONZALEZ<\/p>\n<p>5.-MARIA LOURDES PRADA HERRERA<\/p>\n<p>6.-NAROA PENEDO RODRIGUEZ<\/p>\n<p>7.-TANIA FREIJE LOPEZ<\/p>\n<p>8.-MARIA RUTH PENOUCOS YANES<\/p>\n<p>9.-MARIA TERESA FERNANDEZ FERNANDEZ<\/p>\n<p>10.-VALENTIN IZQUIERDO RODRIGUEZ<\/p>\n<p>11.-MARGARITA GALOCHA LOPEZ<\/p>\n<p>12.-IVAN QUERO FERNANDEZ<\/p>\n<p>13.-JOSE GUTIERREZ LOPEZ<\/p>\n<p>Suplentes<\/p>\n<p>1.-JUAN CARLOS DELGADO RUIZ<\/p>\n<p>2.-MARIA BENIGNA CUBERO LOREDO<\/p>\n<p>3.-RAFAEL MILLARES MERA<\/p>\n<p><em>Candidatura n\u00fam. 2: BLOQUE NACIONALISTA GALEGO (BNG)<\/em><\/p>\n<p><em>1.-FERNANDO SUAREZ BARCIA<\/em><\/p>\n<p><em>2.-MARIA LUZ ALVAREZ LASTRA<\/em><\/p>\n<p><em>3.-PABLO VIZOSO GALDO<\/em><\/p>\n<p><em>4.-MONICA FREIRE RANCA\u00d1O<\/em><\/p>\n<p><em>5.-JESUS MUNDI\u00d1A ACEBO<\/em><\/p>\n<p><em>6.-MARIA DEL PILAR OTERO CABARCOS<\/em><\/p>\n<p><em>7.-JORGE DIAZ FREIJE<\/em><\/p>\n<p><em>8.-MARCOS ANTONIO VILLAMIL MARTINEZ<\/em><\/p>\n<p><em>9.-VANESA YANES RIVAS<\/em><\/p>\n<p><em>10.-DAVID RIVAS PE\u00d1A<\/em><\/p>\n<p><em>11.-MARIA SONIA MEILAN VIZOSO<\/em><\/p>\n<p><em>12.-XOSE FARRUCO GRA\u00d1A RAMA<\/em><\/p>\n<p><em>13.-ANDREA MARTINS FERNANDEZ<\/em><\/p>\n<p><em>Suplentes<\/em><\/p>\n<p><em>1.-XOAN ANTON MONASTERIO LOPEZ<\/em><\/p>\n<p><em>2.-MARIA PAZ RAMIL MASEDA<\/em><\/p>\n<p><em>3.-OSCAR CHAO PENABAD<\/em><\/p>\n<p><em>4.-MARIA POSADA EXPOSITO<\/em><\/p>\n<p><em>5.-ALMUDENA FERNANDEZ MONASTERIO<\/em><\/p>\n<p><em>6.-JOSE ROCHA FERNANDEZ<\/em><\/p>\n<p><em>7.-MARIA DE LOS ANGELES FUENTE VERDEAL<\/em><\/p>\n<p><em>8.-TERESA DIAZ ESTEVEZ<\/em><\/p>\n<p><em>9.-MARIA DOLORES GARCIA DOCOBO<\/em><\/p>\n<p><em>10.-JOSE ANTONIO RAMIL ACEBO<\/em><\/p>\n<p>Candidatura n\u00fam. 3: PARTIDO POPULAR (P.P.)<\/p>\n<p>1.-DANIEL VEGA PEREZ<\/p>\n<p>2.-ELISA CONCEPCION RODRIGUEZ SANJURJO<\/p>\n<p>3.-BEGO\u00d1A SANJURJO SANTAR<\/p>\n<p>4.-MARIA ELENA SIERRA PULPEIRO<\/p>\n<p>5.-INOCENCIO RODRIGUEZ GONZALEZ<\/p>\n<p>6.-MARTA MARIA SAIZ GARCIA<\/p>\n<p>7.-JUSTO PEDRO SUAREZ CONDE<\/p>\n<p>8.-MONTSERRAT SEIJO DIAZ<\/p>\n<p>9.-MARIA JOSE DUARTE FANJUL<\/p>\n<p>10.-JESUS ANGEL GONZALEZ GARCIA<\/p>\n<p>11.-ANA MARIA DOCOBO FERNANDEZ<\/p>\n<p>12.-MANUEL SILVEIRA VALLEDOR<\/p>\n<p>13.-LORENZO GARCIA EIRAS<\/p>\n<p>Suplentes<\/p>\n<p>1.-PEDRO JOSE ANTONIO MURUAIS FERNANDEZ<\/p>\n<p>2.-EULOGIO DIAZ LOPEZ<\/p>\n<p>3.-MARIA ANGELES LOPEZ VIOR<\/p>\n<p>Candidatura n\u00fam. 4: PARTIDO DOS SOCIALISTAS DE GALICIA- PSOE (PSdeG-PSOE)<\/p>\n<p>1.- MARTA GARCIA REY<\/p>\n<p>2.- FRANCISCO JAVIER TORVISO BERDEAL<\/p>\n<p>3.- MARIA JOSE RODRIGUEZ ARCA<\/p>\n<p>4.- FRANCISCO JAVIER RODRIGUEZ VEIGA<\/p>\n<p>5.- ANA MARIA FERNANDEZ RODRIGUEZ<\/p>\n<p>6.- JUSTO ENRIQUE NAVARRET MON<\/p>\n<p>7.- MARIA TERESA PEREZ SANZ<\/p>\n<p>8.- NATALIA MOLEDO GONCALVES<\/p>\n<p>9.- JOSE ANGEL REDONDO ALBA<\/p>\n<p>10.-CESAR FERNANDEZ MURIAS<\/p>\n<p>11.-MARIA DEL CARMEN DIAZ RIOS<\/p>\n<p>12.-LORENA RAMON BOUSO<\/p>\n<p>13.-JOSE MANUEL PEREZ LOPEZ<\/p>\n<p>Suplentes<\/p>\n<p>1.-JENNIFER MOURE LOPEZ<\/p>\n<p>2.-RAMON ANGEL COTO LONGARELA<\/p>\n<p>3.-ANCA STEFANIA HONCU<\/p>\n<p><em>Candidatura n\u00fam. 5: EN MAREA RIBADEO<\/em><\/p>\n<p><em>1.- EVARISTO LOMBARDERO RICO<\/em><\/p>\n<p><em>2.- MARIA FRANCISCA DE ASIS LOPEZ DE PRADO NISTAL<\/em><\/p>\n<p><em>3.- OSCAR ARAMBURU VILARI\u00d1O<\/em><\/p>\n<p><em>4.- ELENA CELIA LOPEZ SAMPEDRO<\/em><\/p>\n<p><em>5.- JULIO CESAR GONZALEZ GARCIA<\/em><\/p>\n<p><em>6.- ELIA RODRIGUEZ ALVAREZ<\/em><\/p>\n<p><em>7.- JOSE ANTONIO SANCOSME IGLESIAS<\/em><\/p>\n<p><em>8.- MARIA INES PEREZ SANTOME<\/em><\/p>\n<p><em>9.- ANGEL RODRIGUEZ ANES<\/em><\/p>\n<p><em>10.- MONICA AMADO BRANCO<\/em><\/p>\n<p><em>11.- ARTURO LINARES MARTINEZ<\/em><\/p>\n<p><em>12.- MARIA DE LOS DOLORES RODRIGUEZ RIOPEDRE<\/em><\/p>\n<p><em>13.-JUAN CARLOS ALONSO GONZALEZ<\/em><\/p>\n<p><em>Suplentes<\/em><\/p>\n<p><em>1.-MARIA COVADONGA SUAREZ MART\u00cdNEZ<\/em><\/p>\n<p><em>2.-JOSE MARIA LOMBARDERO RICO<\/em><\/p>\n<p><em>3.-MARIA ANGELES DOMINGUEZ BARROSO<\/em><\/p>\n<p>Candidatura n\u00fam. 6: COMPROMISO POR GALICIA (CxG)<\/p>\n<p>1.- JESUS PEREZ MOREDA<\/p>\n<p>2.- MARIA BEGO\u00d1A FERNANDEZ FERNANDEZ<\/p>\n<p>3.- AURORA GONZALEZ GINZO<\/p>\n<p>4.- RAFAEL IZQUIERDO PEREZ<\/p>\n<p>5.- JOSE RAMON LOPEZ MARTINEZ<\/p>\n<p>6.- IVAN FERNANDEZ RA\u00d1ON<\/p>\n<p>7.- ALVARO MARIO LORIGADOS CASTA\u00d1O<\/p>\n<p>8.- BELEN GONZALEZ LOPEZ<\/p>\n<p>9.- CRISTIANE CARVALHO DE SOUSA<\/p>\n<p>10.- ELVA ALINA CARMONA FIGUEREDO<\/p>\n<p>11.- MARIA SOLEDAD VALI\u00d1A GUTIERREZ<\/p>\n<p>12.- ALMUDENA PI\u00d1EIRO DOCAMPO<\/p>\n<p>13.-ALEJANDRO CALONGE PE\u00d1A<\/p>\n<p>Suplentes<\/p>\n<p>1.-REGLA HERRERA BRUNET<\/p>\n<p>M\u00e1is das <a href=\"https:\/\/blogs.amarinha.gal\/ribadeando\/search\/label\/elecci%C3%B3ns%20locais%202019\" rel=\"nofollow noopener\" target=\"_blank\">elecci\u00f3ns municipais Ribadeo 2019<\/a>:<\/p>\n<p><a href=\"https:\/\/ribadeando.blogspot.com\/2019\/05\/enquisa-das-eleccions-municipais.html\" target=\"_blank\" rel=\"noopener\">Enquisa por m\u00f3bil<\/a><\/p>\n<p><a href=\"https:\/\/ribadeando.blogspot.com\/2019\/05\/eleccions-o-26-programa-dos-partidos.html\" target=\"_blank\" rel=\"noopener\">Programas<\/a><\/p><\/p>\n","protected":false},"excerpt":{"rendered":"<p>&nbsp;&nbsp; &nbsp;Supo\u00f1o que xa ver\u00edas todas as candidaturas, pero non xuntas, o que dificulta comparar e fan que se esquezan nomes. A falta de co\u00f1ecer programas (polo momento, coido que s\u00f3 unha formaci\u00f3n est\u00e1 facendo un anuncio do seu esbozo de programa dun xeito sistem\u00e1tico), aqu\u00ed van as candidaturas que se presentan \u00f3 concello para [&hellip;]<\/p>\n","protected":false},"author":3,"featured_media":0,"comment_status":"open","ping_status":"closed","sticky":false,"template":"","format":"standard","meta":{"activitypub_content_warning":"","activitypub_content_visibility":"","activitypub_max_image_attachments":3,"activitypub_interaction_policy_quote":"anyone","activitypub_status":"federate","footnotes":""},"categories":[1],"tags":[48,117],"class_list":["post-5339","post","type-post","status-publish","format-standard","hentry","category-sen-categoria","tag-eleccions","tag-eleccions-locais-2019"],"_links":{"self":[{"href":"https:\/\/blogs.amarinha.gal\/ribadeando\/wp-json\/wp\/v2\/posts\/5339","targetHints":{"allow":["GET"]}}],"collection":[{"href":"https:\/\/blogs.amarinha.gal\/ribadeando\/wp-json\/wp\/v2\/posts"}],"about":[{"href":"https:\/\/blogs.amarinha.gal\/ribadeando\/wp-json\/wp\/v2\/types\/post"}],"author":[{"embeddable":true,"href":"https:\/\/blogs.amarinha.gal\/ribadeando\/wp-json\/wp\/v2\/users\/3"}],"replies":[{"embeddable":true,"href":"https:\/\/blogs.amarinha.gal\/ribadeando\/wp-json\/wp\/v2\/comments?post=5339"}],"version-history":[{"count":0,"href":"https:\/\/blogs.amarinha.gal\/ribadeando\/wp-json\/wp\/v2\/posts\/5339\/revisions"}],"wp:attachment":[{"href":"https:\/\/blogs.amarinha.gal\/ribadeando\/wp-json\/wp\/v2\/media?parent=5339"}],"wp:term":[{"taxonomy":"category","embeddable":true,"href":"https:\/\/blogs.amarinha.gal\/ribadeando\/wp-json\/wp\/v2\/categories?post=5339"},{"taxonomy":"post_tag","embeddable":true,"href":"https:\/\/blogs.amarinha.gal\/ribadeando\/wp-json\/wp\/v2\/tags?post=5339"}],"curies":[{"name":"wp","href":"https:\/\/api.w.org\/{rel}","templated":true}]}}