{"id":5337,"date":"2019-05-15T08:01:00","date_gmt":"2019-05-15T06:01:00","guid":{"rendered":""},"modified":"2024-11-12T13:21:52","modified_gmt":"2024-11-12T12:21:52","slug":"eleccions-o-26-programa-dos-partidos","status":"publish","type":"post","link":"https:\/\/blogs.amarinha.gal\/ribadeando\/2019\/05\/15\/eleccions-o-26-programa-dos-partidos\/","title":{"rendered":"Elecci\u00f3ns o 26: programa dos partidos que se presentan en Ribadeo"},"content":{"rendered":"<p>Versi\u00f3n 2: incorporado programa BNG<\/p>\n<p>&nbsp;&nbsp; Despois de ver que comezada a campa\u00f1a, non hai un lugar para comparar os programas das diferentes formaci\u00f3ns, ped\u00ednlles que me enviaran unha referencia que poder colgar ou ligar en pdf, para homoxeneizar o m\u00e1is posible a comparaci\u00f3n. Sei que a\u00ednda as\u00ed haber\u00e1 diferenzas de presentaci\u00f3n, pero menores que se se vai a unha web, a un facebook, a un blog, etc, diferente para cada formaci\u00f3n. Asemade, haber\u00e1 diferenzas de s\u00edntese, dende documentos que est\u00e1n desenvoltos na s\u00faa totalidade a resumes dunha folla: iso xa vai en como fai as cousas cada formaci\u00f3n. A intenci\u00f3n \u00e9 que se podan consultar antes das elecci\u00f3ns e durante os catro anos posteriores, para quen quera facer un seguemento.<\/p>\n<p>&nbsp;&nbsp; Quedaba algunha cousa por resolver, como a orde de presentaci\u00f3n aqu\u00ed. Decid\u00edn colgalos segundo orde de contestaci\u00f3n. E outra cousa: cando esto escribo, a\u00ednda non te\u00f1o todas as contestaci\u00f3ns, co que, se atopo que po\u00f1er en pdf dun xeito m\u00e1is ou menos equivalente \u00f3s que contestaron, fareino; se non, queda sen po\u00f1er. No caso en que me enviaran o documento despois (ou atopara datos por algures se non os tivera antes), tentar\u00eda po\u00f1elo \u00f3 final cunha nota de actualizaci\u00f3n, sempre e cando sexa antes de s\u00e1bado 18, \u00f3 igual que as posibles melloras de presentaci\u00f3n que decidan enviarme, procurando a igualdade de oportunidades.<\/p>\n<p>&nbsp;&nbsp; Unha cousa m\u00e1is: Hai formaci\u00f3ns que te\u00f1en versi\u00f3n en galego e versi\u00f3n en castel\u00e1n. En dito caso, s\u00f3 ligo as versi\u00f3ns en galego.<\/p>\n<p>&nbsp;&nbsp; Ben, a\u00ed van:<\/p>\n<p><a href=\"https:\/\/drive.google.com\/file\/d\/109Kf9c69YhUhqOxqm_ZeWUd764_6yYgS\/view\" target=\"_blank\" rel=\"noopener\">Ribadeo Nos Une<\/a><\/p>\n<p><a href=\"https:\/\/drive.google.com\/file\/d\/1IQhuges-OdDYSmZC6asf5bk7XVMPG7Vt\/view?usp=sharing\" target=\"_blank\" rel=\"noopener\">Compromiso por Ribadeo<\/a><\/p>\n<p><a href=\"https:\/\/drive.google.com\/file\/d\/1p6uEpvC6BHe4X1CwSirNWOKmq4osoRqS\/view?usp=sharing\" target=\"_blank\" rel=\"noopener\">Partido Popular<\/a> <\/p>\n<p><a href=\"https:\/\/drive.google.com\/file\/d\/1N2c0IbH96mdRQpavIySkACwqpJ-93q36\/view?usp=sharing\" target=\"_blank\" rel=\"noopener\">En Marea<\/a><\/p>\n<p><a href=\"https:\/\/drive.google.com\/file\/d\/1kTWgPHNRv87LV8IH4jcFdkIB5KBI_BIr\/view?usp=sharing\" target=\"_blank\" rel=\"noopener\">BNG<\/a><\/p>\n<p>&nbsp;&nbsp; Quedan: , PSOE <\/p>\n<p>M\u00e1is das elecci\u00f3ns municipais Ribadeo 2019:<\/p>\n<p><a href=\"https:\/\/ribadeando.blogspot.com\/2019\/05\/enquisa-das-eleccions-municipais.html\" target=\"_blank\" rel=\"noopener\">Enquisa por M\u00f3bil<\/a><\/p>\n<p><a href=\"https:\/\/ribadeando.blogspot.com\/2019\/05\/coneces-quenes-se-presentan-as-eleccion.html\" target=\"_blank\" rel=\"noopener\">Listas<\/a><\/p>\n","protected":false},"excerpt":{"rendered":"<p>Versi\u00f3n 2: incorporado programa BNG &nbsp;&nbsp; Despois de ver que comezada a campa\u00f1a, non hai un lugar para comparar os programas das diferentes formaci\u00f3ns, ped\u00ednlles que me enviaran unha referencia que poder colgar ou ligar en pdf, para homoxeneizar o m\u00e1is posible a comparaci\u00f3n. Sei que a\u00ednda as\u00ed haber\u00e1 diferenzas de presentaci\u00f3n, pero menores que [&hellip;]<\/p>\n","protected":false},"author":3,"featured_media":0,"comment_status":"open","ping_status":"closed","sticky":false,"template":"","format":"standard","meta":{"activitypub_content_warning":"","activitypub_content_visibility":"","activitypub_max_image_attachments":3,"activitypub_interaction_policy_quote":"anyone","activitypub_status":"federate","footnotes":""},"categories":[1],"tags":[48],"class_list":["post-5337","post","type-post","status-publish","format-standard","hentry","category-sen-categoria","tag-eleccions"],"_links":{"self":[{"href":"https:\/\/blogs.amarinha.gal\/ribadeando\/wp-json\/wp\/v2\/posts\/5337","targetHints":{"allow":["GET"]}}],"collection":[{"href":"https:\/\/blogs.amarinha.gal\/ribadeando\/wp-json\/wp\/v2\/posts"}],"about":[{"href":"https:\/\/blogs.amarinha.gal\/ribadeando\/wp-json\/wp\/v2\/types\/post"}],"author":[{"embeddable":true,"href":"https:\/\/blogs.amarinha.gal\/ribadeando\/wp-json\/wp\/v2\/users\/3"}],"replies":[{"embeddable":true,"href":"https:\/\/blogs.amarinha.gal\/ribadeando\/wp-json\/wp\/v2\/comments?post=5337"}],"version-history":[{"count":0,"href":"https:\/\/blogs.amarinha.gal\/ribadeando\/wp-json\/wp\/v2\/posts\/5337\/revisions"}],"wp:attachment":[{"href":"https:\/\/blogs.amarinha.gal\/ribadeando\/wp-json\/wp\/v2\/media?parent=5337"}],"wp:term":[{"taxonomy":"category","embeddable":true,"href":"https:\/\/blogs.amarinha.gal\/ribadeando\/wp-json\/wp\/v2\/categories?post=5337"},{"taxonomy":"post_tag","embeddable":true,"href":"https:\/\/blogs.amarinha.gal\/ribadeando\/wp-json\/wp\/v2\/tags?post=5337"}],"curies":[{"name":"wp","href":"https:\/\/api.w.org\/{rel}","templated":true}]}}