{"id":5334,"date":"2019-05-27T08:53:00","date_gmt":"2019-05-27T06:53:00","guid":{"rendered":""},"modified":"2024-11-12T13:21:47","modified_gmt":"2024-11-12T12:21:47","slug":"as-eleccions-locais-2019-en-ribadeo","status":"publish","type":"post","link":"https:\/\/blogs.amarinha.gal\/ribadeando\/2019\/05\/27\/as-eleccions-locais-2019-en-ribadeo\/","title":{"rendered":"As elecci\u00f3ns locais 2019 en Ribadeo"},"content":{"rendered":"<p>Maior\u00eda absoluta do BNG con 7 concelleiros, 4 para PP e 2 para PSOE, quedando En Marea, RNU e CxG sen cadeira.<\/p>\n<p>Imos primeiro polos n\u00fameros. Unha vez escrutado o 100%, con datos tomados directamente da <a href=\"https:\/\/resultados.eleccioneslocaleseuropeas19.es\/#\/es\/mun\/resultados\/provincias\/lugo\/ribadeo\" target=\"_blank\" rel=\"noopener\">p\u00e1xina oficial das elecci\u00f3ns<\/a>:<\/p>\n<p><a href=\"https:\/\/blogger.googleusercontent.com\/img\/b\/R29vZ2xl\/AVvXsEjBeqkmF7NCOPOr1Z571k6GzUoDfVhyJXhK85FOtBnRN0NdQEqoxz1-uvNwGL2x5U0Ik7BYcgj9yzz1h3nsDuSUjSS1RSO9UXQU1WfYQ92Hznm2TuP9Xs-keKJXgIOffVy69_rmfQ\/s2048\/Votos+e+distribuci%25C3%25B3n+D%2527Hondt.png\" imageanchor=\"1\" style=\"margin-left: 1em; margin-right: 1em;\"><img decoding=\"async\" src=\"https:\/\/blogger.googleusercontent.com\/img\/b\/R29vZ2xl\/AVvXsEjBeqkmF7NCOPOr1Z571k6GzUoDfVhyJXhK85FOtBnRN0NdQEqoxz1-uvNwGL2x5U0Ik7BYcgj9yzz1h3nsDuSUjSS1RSO9UXQU1WfYQ92Hznm2TuP9Xs-keKJXgIOffVy69_rmfQ\/s2048\/Votos+e+distribuci%25C3%25B3n+D%2527Hondt.png\" \/><\/a><\/p>\n<p>Na primeira t\u00e1boa parece o Padr\u00f3n, os votos a partidos, nulos, en brtanco e abstenci\u00f3n, as\u00ed como a divisi\u00f3n que deu lugar a cada concelleiro, en vermello, e a divisi\u00f3n seguinte, que non logrou voto. O primeiro concelleiro quie quedo &#8216;sen entrar&#8217; foi o 5\u00ba do PP. Para ter entrado, o PP ter\u00eda que superar, cos seus votos divididos entre 5, a conta 2581\/7 = 368,714285714286 que lle da o 7\u00ba concelleiro \u00f3 PP, co aque ter\u00eda que ter 1844 votos, 104 m\u00e1is dos que obtivo.<\/p>\n<p>Para comparar, se tiveramos a distribuci\u00f3n de 17 concelleiros, como en 2015, as contas sair\u00edan as\u00ed:<\/p>\n<p><a href=\"https:\/\/blogger.googleusercontent.com\/img\/b\/R29vZ2xl\/AVvXsEhi3vor8h3Pyc4Kk27YqL21ltgh6FkrLg5H-7ucs2PIRBB28jmUYUjV9WrLKdKZY4v9cbhhYqH4xigTFkKQ1e0DLUgr4jF57As-Spper5y10Xvxr-hVUk8lOuwO5H5d7z4kcv-7Kg\/s2048\/votos+e+distribuci%25C3%25B2n+d%2527Hondt+2019+estilo+2015.png\" imageanchor=\"1\" style=\"margin-left: 1em; margin-right: 1em;\"><img decoding=\"async\" src=\"https:\/\/blogger.googleusercontent.com\/img\/b\/R29vZ2xl\/AVvXsEhi3vor8h3Pyc4Kk27YqL21ltgh6FkrLg5H-7ucs2PIRBB28jmUYUjV9WrLKdKZY4v9cbhhYqH4xigTFkKQ1e0DLUgr4jF57As-Spper5y10Xvxr-hVUk8lOuwO5H5d7z4kcv-7Kg\/s2048\/votos+e+distribuci%25C3%25B2n+d%2527Hondt+2019+estilo+2015.png\" \/><\/a><\/p>\n<p>\u00e9 dicir, o BNG seguir\u00eda con maior\u00eda \u00f3 lograr 9 concelleiros, por 6 o PP e 2 o PSOE.<\/p>\n<p>Os concelleiros de 2019 son, por orde de consecuci\u00f3n de cadeira:<\/p>\n<p>1.BNG-Fernando<br \/>\nSu\u00e1rez Barcia<\/p>\n<p>2.PP-Daniel Vega<br \/>\nP\u00e9rez<\/p>\n<p>3.BNG-Maria Luz<br \/>\n\u00c1lvarez Lastra<\/p>\n<p>4.PP-Elisa<br \/>\nConcepci\u00f3n Rodr\u00edguez Sanjurjo<\/p>\n<p>5.BNG-Pablo Vizoso<br \/>\nGaldo<\/p>\n<p>6.PSOE-Marta Garc\u00eda<br \/>\nRey<\/p>\n<p>7.BNG-M\u00f3nica Freire<br \/>\nRanca\u00f1o<\/p>\n<p>8.PP-Bego\u00f1a<br \/>\nSanjurjo Santar<\/p>\n<p>9.BNG-Jes\u00fas Mundi\u00f1a<br \/>\nAcebo<\/p>\n<p>10.PP-Mar\u00eda Elena<br \/>\nSierra Pulpeiro<\/p>\n<p>11.BNG-Mar\u00eda del<br \/>\nPilar Otero Cabarcos<\/p>\n<p>12.PSOE-Francisco<br \/>\nJavier Torviso Berdeal<\/p>\n<p>13.BNG-Jorge D\u00edaz<br \/>\nFreije<\/p>\n<p>(Como foi dito arriba, de haber outro posto m\u00e1is, ter\u00eda entrado o n\u00ba 5 do PP, Inocencio Rodr\u00edguez)<\/p>\n<p>Quedan para outro post algunha outra consideraci\u00f3n, os gr\u00e1ficos e o historial electoral de Ribadeo nas elecci\u00f3ns locais.<\/p>\n<p>&#8212; <\/p>\n<p>Entradas da serie elecci\u00f3ns locais 2019:<\/p>\n<p><a href=\"https:\/\/ribadeando.blogspot.com\/2019\/05\/as-eleccions-locais-2019-en-ribadeo.html\" target=\"_blank\" rel=\"noopener\">Datos xerais<\/a> <\/p>\n<p><a href=\"https:\/\/ribadeando.blogspot.com\/2019\/05\/as-eleccions-locais-2019-en-ribadeo_27.html\" target=\"_blank\" rel=\"noopener\">Gr\u00e1ficos<\/a><\/p>\n<p><a href=\"https:\/\/ribadeando.blogspot.com\/2019\/05\/as-eleccions-locais-2019-en-ribadeo_42.html\" target=\"_blank\" rel=\"noopener\">Hist\u00f3ricos<\/a><\/p>\n","protected":false},"excerpt":{"rendered":"<p>Maior\u00eda absoluta do BNG con 7 concelleiros, 4 para PP e 2 para PSOE, quedando En Marea, RNU e CxG sen cadeira. Imos primeiro polos n\u00fameros. Unha vez escrutado o 100%, con datos tomados directamente da p\u00e1xina oficial das elecci\u00f3ns: Na primeira t\u00e1boa parece o Padr\u00f3n, os votos a partidos, nulos, en brtanco e abstenci\u00f3n, [&hellip;]<\/p>\n","protected":false},"author":3,"featured_media":0,"comment_status":"open","ping_status":"closed","sticky":false,"template":"","format":"standard","meta":{"activitypub_content_warning":"","activitypub_content_visibility":"","activitypub_max_image_attachments":3,"activitypub_interaction_policy_quote":"anyone","activitypub_status":"federated","footnotes":""},"categories":[1],"tags":[48,117],"class_list":["post-5334","post","type-post","status-publish","format-standard","hentry","category-sen-categoria","tag-eleccions","tag-eleccions-locais-2019"],"_links":{"self":[{"href":"https:\/\/blogs.amarinha.gal\/ribadeando\/wp-json\/wp\/v2\/posts\/5334","targetHints":{"allow":["GET"]}}],"collection":[{"href":"https:\/\/blogs.amarinha.gal\/ribadeando\/wp-json\/wp\/v2\/posts"}],"about":[{"href":"https:\/\/blogs.amarinha.gal\/ribadeando\/wp-json\/wp\/v2\/types\/post"}],"author":[{"embeddable":true,"href":"https:\/\/blogs.amarinha.gal\/ribadeando\/wp-json\/wp\/v2\/users\/3"}],"replies":[{"embeddable":true,"href":"https:\/\/blogs.amarinha.gal\/ribadeando\/wp-json\/wp\/v2\/comments?post=5334"}],"version-history":[{"count":0,"href":"https:\/\/blogs.amarinha.gal\/ribadeando\/wp-json\/wp\/v2\/posts\/5334\/revisions"}],"wp:attachment":[{"href":"https:\/\/blogs.amarinha.gal\/ribadeando\/wp-json\/wp\/v2\/media?parent=5334"}],"wp:term":[{"taxonomy":"category","embeddable":true,"href":"https:\/\/blogs.amarinha.gal\/ribadeando\/wp-json\/wp\/v2\/categories?post=5334"},{"taxonomy":"post_tag","embeddable":true,"href":"https:\/\/blogs.amarinha.gal\/ribadeando\/wp-json\/wp\/v2\/tags?post=5334"}],"curies":[{"name":"wp","href":"https:\/\/api.w.org\/{rel}","templated":true}]}}