{"id":5333,"date":"2019-05-27T10:39:00","date_gmt":"2019-05-27T08:39:00","guid":{"rendered":""},"modified":"2024-11-12T13:21:46","modified_gmt":"2024-11-12T12:21:46","slug":"as-eleccions-locais-2019-en-ribadeo_27","status":"publish","type":"post","link":"https:\/\/blogs.amarinha.gal\/ribadeando\/2019\/05\/27\/as-eleccions-locais-2019-en-ribadeo_27\/","title":{"rendered":"As elecci\u00f3ns locais 2019 en Ribadeo. Gr\u00e1ficos"},"content":{"rendered":"<p>Din que as cousas compr\u00e9ndense mellor de xeito gr\u00e1fico. Despois de presentar os <a href=\"https:\/\/ribadeando.blogspot.com\/2019\/05\/as-eleccions-locais-2019-en-ribadeo.html\" target=\"_blank\" rel=\"noopener\">datos xerais das elecci\u00f3ns locais 2019 en Ribadeo<\/a>, aqu\u00ed quedan tres gr\u00e1ficos e algunha t\u00e1boa, como segunda entrega desta serie.<\/p>\n<p>O primeiro representa o que fixo cada votante: os que votaron a cada partido, os que se abstiveron, os votos nulos e en branco. <\/p>\n<p><a href=\"https:\/\/blogger.googleusercontent.com\/img\/b\/R29vZ2xl\/AVvXsEhKKm4xW5OUfOG-ipICbLjqHpVnH8kO9wfpewgTtIyMsP32W4Ol3NmtS-hWKdy3yD5EspjtBIBRb5Mz9snKDR8FpMcleEdpC8odQbIuECXimTSTtoxpDPC3vRWVY_-Ctsl2-hUKjA\/s2048\/Votos+mais+abstenci%25C3%25B3n+2019.png\" imageanchor=\"1\" style=\"margin-left: 1em; margin-right: 1em;\"><img decoding=\"async\" src=\"https:\/\/blogger.googleusercontent.com\/img\/b\/R29vZ2xl\/AVvXsEhKKm4xW5OUfOG-ipICbLjqHpVnH8kO9wfpewgTtIyMsP32W4Ol3NmtS-hWKdy3yD5EspjtBIBRb5Mz9snKDR8FpMcleEdpC8odQbIuECXimTSTtoxpDPC3vRWVY_-Ctsl2-hUKjA\/s2048\/Votos+mais+abstenci%25C3%25B3n+2019.png\" \/><\/a><\/p>\n<p>Corresponde cos datos en negri\u00f1a da seguinte t\u00e1boa:<\/p>\n<p><a href=\"https:\/\/blogger.googleusercontent.com\/img\/b\/R29vZ2xl\/AVvXsEjIlJOp6uhwVob7iQFzTHFp97I5pz6P41sPRGfXue0Lq0j2pow-vwg_GAlqvYQvd4jH-GKDxZ6P1jlN-p8GMsh4IS-_b5C7jRqC1GbuFTox22QxQqDx-OKrW3sYdW5JCkWG0209pA\/s2048\/t%25C3%25A1boa+xeral+elecci%25C3%25B3ns+Ribadeo+2019.png\" imageanchor=\"1\" style=\"clear: right; float: right; margin-bottom: 1em; margin-left: 1em;\"><img decoding=\"async\" src=\"https:\/\/blogger.googleusercontent.com\/img\/b\/R29vZ2xl\/AVvXsEjIlJOp6uhwVob7iQFzTHFp97I5pz6P41sPRGfXue0Lq0j2pow-vwg_GAlqvYQvd4jH-GKDxZ6P1jlN-p8GMsh4IS-_b5C7jRqC1GbuFTox22QxQqDx-OKrW3sYdW5JCkWG0209pA\/s2048\/t%25C3%25A1boa+xeral+elecci%25C3%25B3ns+Ribadeo+2019.png\" \/><\/a><\/p>\n<p>\u00c9 dicir, case 1\/3 da poboaci\u00f3n votou \u00f3 BNG, e algo menos decidiu pasar das elecci\u00f3ns. Votos nulos e en branco quedaron por baixo do 1% dos votantes posibles, \u00f3 igual que un partido, a\u00ednda que s\u00f3 os en branco quedaron por baixo do 1% dos votos efectivos. Tres partidos tiveron unha porcentaxe menor do 5% de votos emitidos necesaria para acceder a un escano, a\u00ednda que en Ribadeo iso non conte porque en calquera caso, o escano necesita m\u00e1is votos do 5%.<\/p>\n<p>A segunda gr\u00e1fica representa a distribucion de votos a partidos.<\/p>\n<p><a href=\"https:\/\/blogger.googleusercontent.com\/img\/b\/R29vZ2xl\/AVvXsEhqmevAGoXZDxYuofcAa25imJW-swxwgdxrb0-1uZVgrjUPjk6JRBjpsI6ToPVEccMO2TIt7C1W7uErzCAImiXDZl90i1kdrEhj7ZRUqRlbhVBD_saM0Ambt7qHLd1yi9xa_8-gDw\/s2048\/Distribuci%25C3%25B3n+votos+v%25C3%25A1lidos.png\" imageanchor=\"1\" style=\"margin-left: 1em; margin-right: 1em;\"><img decoding=\"async\" src=\"https:\/\/blogger.googleusercontent.com\/img\/b\/R29vZ2xl\/AVvXsEhqmevAGoXZDxYuofcAa25imJW-swxwgdxrb0-1uZVgrjUPjk6JRBjpsI6ToPVEccMO2TIt7C1W7uErzCAImiXDZl90i1kdrEhj7ZRUqRlbhVBD_saM0Ambt7qHLd1yi9xa_8-gDw\/s2048\/Distribuci%25C3%25B3n+votos+v%25C3%25A1lidos.png\" \/><\/a><\/p>\n<p><a href=\"https:\/\/blogger.googleusercontent.com\/img\/b\/R29vZ2xl\/AVvXsEhqqj76SKI0k1jTZRk8x595S55Dpk3zkJyYWpEJ6X6Rk2ZKcFl5pYO9jAgMIb6F-jVrpyEjGciQdr1coh4zNjmLB61noOKP2BXRPyGpmscJ6rKBtsxNLHleXpIanfltIqT3hJpMIA\/s2048\/t%25C3%25A1bo+votos+a+partidos+Ribadeo+2019.png\" imageanchor=\"1\" style=\"clear: right; float: right; margin-bottom: 1em; margin-left: 1em;\"><img decoding=\"async\" src=\"https:\/\/blogger.googleusercontent.com\/img\/b\/R29vZ2xl\/AVvXsEhqqj76SKI0k1jTZRk8x595S55Dpk3zkJyYWpEJ6X6Rk2ZKcFl5pYO9jAgMIb6F-jVrpyEjGciQdr1coh4zNjmLB61noOKP2BXRPyGpmscJ6rKBtsxNLHleXpIanfltIqT3hJpMIA\/s2048\/t%25C3%25A1bo+votos+a+partidos+Ribadeo+2019.png\" \/><\/a><\/p>\n<p>Corresponde coa seguinte t\u00e1boa:<\/p>\n<p>Nela obs\u00e9rvase que o BNG ach\u00e9gase \u00e1 metade dos votos a partidos, e o PP \u00e1 terceira parte.<\/p>\n<p>A terceira gr\u00e1fica, as cadeiras logradas (BNG, 7; PP, 4; PSOE, 2):<\/p>\n<p><a href=\"https:\/\/blogger.googleusercontent.com\/img\/b\/R29vZ2xl\/AVvXsEjxtTkgufzNpLM5MOrJXYbesfCj1J9pwZ427aYzIMGOGhKOCDiCK12PcPefClDHYoi32GNailxgrNDtNk2XTXbIaRBE2hEhhlgfEGS6Jbxg8Fmzo-F47VswDT6jmrRD0rMGXQRmeg\/s2048\/Cadeiras+obtidas+2019.png\" imageanchor=\"1\" style=\"margin-left: 1em; margin-right: 1em;\"><img decoding=\"async\" src=\"https:\/\/blogger.googleusercontent.com\/img\/b\/R29vZ2xl\/AVvXsEjxtTkgufzNpLM5MOrJXYbesfCj1J9pwZ427aYzIMGOGhKOCDiCK12PcPefClDHYoi32GNailxgrNDtNk2XTXbIaRBE2hEhhlgfEGS6Jbxg8Fmzo-F47VswDT6jmrRD0rMGXQRmeg\/s2048\/Cadeiras+obtidas+2019.png\" \/><\/a><\/p>\n<p>Outra entrada estar\u00e1 adicada \u00f3s datos hist\u00f3ricos.<\/p>\n<p>&#8212; <\/p>\n<p>Entradas da serie elecci\u00f3ns locais 2019:<\/p>\n<p><a href=\"https:\/\/ribadeando.blogspot.com\/2019\/05\/as-eleccions-locais-2019-en-ribadeo.html\" target=\"_blank\" rel=\"noopener\">Datos xerais<\/a> <\/p>\n<p><a href=\"https:\/\/ribadeando.blogspot.com\/2019\/05\/as-eleccions-locais-2019-en-ribadeo_27.html\" target=\"_blank\" rel=\"noopener\">Gr\u00e1ficos<\/a><\/p>\n<p><a href=\"https:\/\/ribadeando.blogspot.com\/2019\/05\/as-eleccions-locais-2019-en-ribadeo_42.html\" target=\"_blank\" rel=\"noopener\">Hist\u00f3ricos<\/a><\/p>\n","protected":false},"excerpt":{"rendered":"<p>Din que as cousas compr\u00e9ndense mellor de xeito gr\u00e1fico. Despois de presentar os datos xerais das elecci\u00f3ns locais 2019 en Ribadeo, aqu\u00ed quedan tres gr\u00e1ficos e algunha t\u00e1boa, como segunda entrega desta serie. O primeiro representa o que fixo cada votante: os que votaron a cada partido, os que se abstiveron, os votos nulos e [&hellip;]<\/p>\n","protected":false},"author":3,"featured_media":0,"comment_status":"open","ping_status":"closed","sticky":false,"template":"","format":"standard","meta":{"activitypub_content_warning":"","activitypub_content_visibility":"","activitypub_max_image_attachments":3,"activitypub_interaction_policy_quote":"anyone","activitypub_status":"federated","footnotes":""},"categories":[1],"tags":[48,117],"class_list":["post-5333","post","type-post","status-publish","format-standard","hentry","category-sen-categoria","tag-eleccions","tag-eleccions-locais-2019"],"_links":{"self":[{"href":"https:\/\/blogs.amarinha.gal\/ribadeando\/wp-json\/wp\/v2\/posts\/5333","targetHints":{"allow":["GET"]}}],"collection":[{"href":"https:\/\/blogs.amarinha.gal\/ribadeando\/wp-json\/wp\/v2\/posts"}],"about":[{"href":"https:\/\/blogs.amarinha.gal\/ribadeando\/wp-json\/wp\/v2\/types\/post"}],"author":[{"embeddable":true,"href":"https:\/\/blogs.amarinha.gal\/ribadeando\/wp-json\/wp\/v2\/users\/3"}],"replies":[{"embeddable":true,"href":"https:\/\/blogs.amarinha.gal\/ribadeando\/wp-json\/wp\/v2\/comments?post=5333"}],"version-history":[{"count":0,"href":"https:\/\/blogs.amarinha.gal\/ribadeando\/wp-json\/wp\/v2\/posts\/5333\/revisions"}],"wp:attachment":[{"href":"https:\/\/blogs.amarinha.gal\/ribadeando\/wp-json\/wp\/v2\/media?parent=5333"}],"wp:term":[{"taxonomy":"category","embeddable":true,"href":"https:\/\/blogs.amarinha.gal\/ribadeando\/wp-json\/wp\/v2\/categories?post=5333"},{"taxonomy":"post_tag","embeddable":true,"href":"https:\/\/blogs.amarinha.gal\/ribadeando\/wp-json\/wp\/v2\/tags?post=5333"}],"curies":[{"name":"wp","href":"https:\/\/api.w.org\/{rel}","templated":true}]}}