{"id":5332,"date":"2019-05-27T22:01:00","date_gmt":"2019-05-27T20:01:00","guid":{"rendered":""},"modified":"2024-11-12T13:21:44","modified_gmt":"2024-11-12T12:21:44","slug":"as-eleccions-locais-2019-en-ribadeo_42","status":"publish","type":"post","link":"https:\/\/blogs.amarinha.gal\/ribadeando\/2019\/05\/27\/as-eleccions-locais-2019-en-ribadeo_42\/","title":{"rendered":"As elecci\u00f3ns locais 2019 en Ribadeo. Hist\u00f3ricos"},"content":{"rendered":"<p>Os resultados electorais soen compararse cos anteriores logrados para magnificar ou minusvalorar a victoria ou diminu\u00edr ou aumentar a derrota, para o que se empregan datos parciais. Querendo ser m\u00e1is obxectivos, hai que contar cos datos tam\u00e9n m\u00e1is obxectivos, polo que vou gardando datos dunha a outra elecci\u00f3n. Velaeiqu\u00ed:<\/p>\n<p><a href=\"https:\/\/blogger.googleusercontent.com\/img\/b\/R29vZ2xl\/AVvXsEj1awcbRhG4JD5KM28ljiOZ82g_gdoIkEQcXwgLJUPkf2hTwiVLeKQf7z-ty4jKVC74PD1NH0u3exhIlQ78bCqXrwvkHswjWk4hHjXfCF-eMX1KVW3DB3ZZV3PrJS9EpevW8uZtQA\/s2048\/Hist%25C3%25B3rico+de+n%25C3%25BAmero+de+votos.png\" imageanchor=\"1\" style=\"margin-left: 1em; margin-right: 1em;\"><img decoding=\"async\" src=\"https:\/\/blogger.googleusercontent.com\/img\/b\/R29vZ2xl\/AVvXsEj1awcbRhG4JD5KM28ljiOZ82g_gdoIkEQcXwgLJUPkf2hTwiVLeKQf7z-ty4jKVC74PD1NH0u3exhIlQ78bCqXrwvkHswjWk4hHjXfCF-eMX1KVW3DB3ZZV3PrJS9EpevW8uZtQA\/s2048\/Hist%25C3%25B3rico+de+n%25C3%25BAmero+de+votos.png\" \/><\/a><\/p>\n<p>A anterior \u00e9 a gr\u00e1fica que representa o n\u00famero de votos a cada partido ou agrupaci\u00f3n que se presentou dende 1979. Na columna de partidos, os partidos que aparecen m\u00e1is abaixo son os que se presentaron \u00e1s primeiras elecci\u00f3ns, e os m\u00e1is arriba, os que s\u00f3 se presentaron \u00e1s \u00faltimas. A orde dentro de cada columna corresponde \u00e1 antig\u00fcidade das siglas nas elecci\u00f3ns locais de Ribadeo. Non incl\u00fao cousas como o censo para non complicar m\u00e1is.<\/p>\n<p>Unha versi\u00f3n reducida do anterior, s\u00f3 para as elecci\u00f3ns mantidas no s\u00e9culo XXI, \u00e9 a seguinte:<\/p>\n<p><a href=\"https:\/\/blogger.googleusercontent.com\/img\/b\/R29vZ2xl\/AVvXsEiWM-nF2f8mVdttC6FmSM7jMzLCBz8fuVQdwZOOUVdnbLjj4tyCUAVedVJZvxOJB_k4CjtkR4t_yUSo_vnChdrkoAvKqHhKJbC8-RGivxgHU8pwlC7XKaa-XdBo73e83WuXnFMdHA\/s2048\/Votos+a+agrupaci%25C3%25B3ns+no+s%25C3%25A9culo.png\" imageanchor=\"1\" style=\"margin-left: 1em; margin-right: 1em;\"><img decoding=\"async\" src=\"https:\/\/blogger.googleusercontent.com\/img\/b\/R29vZ2xl\/AVvXsEiWM-nF2f8mVdttC6FmSM7jMzLCBz8fuVQdwZOOUVdnbLjj4tyCUAVedVJZvxOJB_k4CjtkR4t_yUSo_vnChdrkoAvKqHhKJbC8-RGivxgHU8pwlC7XKaa-XdBo73e83WuXnFMdHA\/s2048\/Votos+a+agrupaci%25C3%25B3ns+no+s%25C3%25A9culo.png\" \/><\/a><\/p>\n<p>Por \u00faltimo, o hist\u00f3rico de n\u00famero de concelleiros en elecci\u00f3ns dende a democracia ven representado na seguinte gr\u00e1fica:<\/p>\n<p><a href=\"https:\/\/blogger.googleusercontent.com\/img\/b\/R29vZ2xl\/AVvXsEh7i7A-hEowpWunqsquibtvzbjoGz5jj_UJ6iem2SNtA7OP8W_ljZizaDhXYbsCOZtutSAqu86IjsiCLPZ9FQCjoLsNef1Pj8Nqmdb0fBg46MoQsfQU4waBKVyybBZOsfeUiqs9GQ\/s2048\/Hist%25C3%25B3rico+de+n%25C3%25BAmero+de+concelleiros.png\" imageanchor=\"1\" style=\"margin-left: 1em; margin-right: 1em;\"><img decoding=\"async\" src=\"https:\/\/blogger.googleusercontent.com\/img\/b\/R29vZ2xl\/AVvXsEh7i7A-hEowpWunqsquibtvzbjoGz5jj_UJ6iem2SNtA7OP8W_ljZizaDhXYbsCOZtutSAqu86IjsiCLPZ9FQCjoLsNef1Pj8Nqmdb0fBg46MoQsfQU4waBKVyybBZOsfeUiqs9GQ\/s2048\/Hist%25C3%25B3rico+de+n%25C3%25BAmero+de+concelleiros.png\" \/><\/a><\/p>\n<p>Quedan a\u00ednda algunhas cousas a po\u00f1er. Ser\u00e1 noutro post.<\/p>\n<p>&#8212;<\/p>\n<p>Entradas da serie elecci\u00f3ns locais 2019:<\/p>\n<p><a href=\"https:\/\/ribadeando.blogspot.com\/2019\/05\/as-eleccions-locais-2019-en-ribadeo.html\" target=\"_blank\" rel=\"noopener\">Datos xerais<\/a> <\/p>\n<p><a href=\"https:\/\/ribadeando.blogspot.com\/2019\/05\/as-eleccions-locais-2019-en-ribadeo_27.html\" target=\"_blank\" rel=\"noopener\">Gr\u00e1ficos<\/a><\/p>\n<p><a href=\"https:\/\/ribadeando.blogspot.com\/2019\/05\/as-eleccions-locais-2019-en-ribadeo_42.html\" target=\"_blank\" rel=\"noopener\">Hist\u00f3ricos<\/a><\/p>\n","protected":false},"excerpt":{"rendered":"<p>Os resultados electorais soen compararse cos anteriores logrados para magnificar ou minusvalorar a victoria ou diminu\u00edr ou aumentar a derrota, para o que se empregan datos parciais. Querendo ser m\u00e1is obxectivos, hai que contar cos datos tam\u00e9n m\u00e1is obxectivos, polo que vou gardando datos dunha a outra elecci\u00f3n. Velaeiqu\u00ed: A anterior \u00e9 a gr\u00e1fica que [&hellip;]<\/p>\n","protected":false},"author":3,"featured_media":0,"comment_status":"open","ping_status":"closed","sticky":false,"template":"","format":"standard","meta":{"activitypub_content_warning":"","activitypub_content_visibility":"","activitypub_max_image_attachments":3,"activitypub_interaction_policy_quote":"anyone","activitypub_status":"federated","footnotes":""},"categories":[1],"tags":[48,117],"class_list":["post-5332","post","type-post","status-publish","format-standard","hentry","category-sen-categoria","tag-eleccions","tag-eleccions-locais-2019"],"_links":{"self":[{"href":"https:\/\/blogs.amarinha.gal\/ribadeando\/wp-json\/wp\/v2\/posts\/5332","targetHints":{"allow":["GET"]}}],"collection":[{"href":"https:\/\/blogs.amarinha.gal\/ribadeando\/wp-json\/wp\/v2\/posts"}],"about":[{"href":"https:\/\/blogs.amarinha.gal\/ribadeando\/wp-json\/wp\/v2\/types\/post"}],"author":[{"embeddable":true,"href":"https:\/\/blogs.amarinha.gal\/ribadeando\/wp-json\/wp\/v2\/users\/3"}],"replies":[{"embeddable":true,"href":"https:\/\/blogs.amarinha.gal\/ribadeando\/wp-json\/wp\/v2\/comments?post=5332"}],"version-history":[{"count":0,"href":"https:\/\/blogs.amarinha.gal\/ribadeando\/wp-json\/wp\/v2\/posts\/5332\/revisions"}],"wp:attachment":[{"href":"https:\/\/blogs.amarinha.gal\/ribadeando\/wp-json\/wp\/v2\/media?parent=5332"}],"wp:term":[{"taxonomy":"category","embeddable":true,"href":"https:\/\/blogs.amarinha.gal\/ribadeando\/wp-json\/wp\/v2\/categories?post=5332"},{"taxonomy":"post_tag","embeddable":true,"href":"https:\/\/blogs.amarinha.gal\/ribadeando\/wp-json\/wp\/v2\/tags?post=5332"}],"curies":[{"name":"wp","href":"https:\/\/api.w.org\/{rel}","templated":true}]}}