{"id":5325,"date":"2019-06-11T13:47:00","date_gmt":"2019-06-11T11:47:00","guid":{"rendered":""},"modified":"2024-11-12T13:21:32","modified_gmt":"2024-11-12T12:21:32","slug":"na-ponte-de-arante-romaria-das-cruces","status":"publish","type":"post","link":"https:\/\/blogs.amarinha.gal\/ribadeando\/2019\/06\/11\/na-ponte-de-arante-romaria-das-cruces\/","title":{"rendered":"Na Ponte de Arante, romar\u00eda das Cruces"},"content":{"rendered":"<p><a href=\"https:\/\/blogger.googleusercontent.com\/img\/b\/R29vZ2xl\/AVvXsEh0HYyURYI0FFdRvDb5x8WeWGUZ74g1odbKRcFtv04j22crmfIoRJpI1cF0HPOBr8ZWhABhh8p_ci6d1rQniULRnzm5ed6fjKfjcYuLWx7DNGvO-QJxR3UBktV5rrJAibgcQURrUA\/s2048\/credencial+A+Ponte.jpg\" imageanchor=\"1\" style=\"margin-left: 1em; margin-right: 1em;\"><img decoding=\"async\" src=\"https:\/\/blogger.googleusercontent.com\/img\/b\/R29vZ2xl\/AVvXsEh0HYyURYI0FFdRvDb5x8WeWGUZ74g1odbKRcFtv04j22crmfIoRJpI1cF0HPOBr8ZWhABhh8p_ci6d1rQniULRnzm5ed6fjKfjcYuLWx7DNGvO-QJxR3UBktV5rrJAibgcQURrUA\/s2048\/credencial+A+Ponte.jpg\" \/><\/a><\/p>\n<p>Este luns 10 de xu\u00f1o foi a romar\u00eda d<a href=\"http:\/\/ribadeando.blogspot.com\/search?q=Virtudes\" target=\"_blank\" rel=\"noopener\">as Virtudes<\/a> na Ponte de Arante. Xuntouse moita xente, a pesar de ser d\u00eda laborable e de que houbo festa tam\u00e9n o d\u00eda anterior (mesmo con representaci\u00f3n do combate cos franceses), domingo.<\/p>\n<p>Hab\u00eda unha raz\u00f3n para que acudira m\u00e1is xente que outros anos? Pode dicirse que si. Por unha banda, <a href=\"https:\/\/www.xunta.gal\/dog\/Publicados\/2019\/20190408\/AnuncioG0256-010419-0002_gl.html\" target=\"_blank\" rel=\"noopener\">este ano a romaxe das Cruces recibiu o t\u00edtulo de declarada de interese tur\u00edstico de Galicia<\/a>. Isto implica unha promoci\u00f3n, que m\u00e1is al\u00f3 de constitu\u00edr unha <a href=\"https:\/\/ribadeando.blogspot.com\/2017\/06\/pleno-especial-sobre-peticion-para.html\" target=\"_blank\" rel=\"noopener\">nova de prensa en varias ocasi\u00f3ns<\/a>, se manifestou pola presencia de enviados da Xunta para destapar un cadro cunha placa, que \u00e9 de esperar que quede permanente nalgures. Como apoio a esta promoci\u00f3n, ou m\u00e1is ben como promoci\u00f3n alternativa, <a href=\"http:\/\/ribadeo.gal\/actualidade\/nova.php?id=3123&amp;lg=gal\" target=\"_blank\" rel=\"noopener\">o concello sacou da manga este ano o t\u00edtulo que abre esta entrada, unha &#8216;crecencial do peregrino ribadense&#8217;<\/a> (\u00e1s Cruces) que foi acompa\u00f1ada da posibilidade de baixar nun autob\u00fas pagado polo concello, a m\u00e1is das participaci\u00f3n da xente de dous obradoiros de emprego desenvoltos no concello na peregrinaci\u00f3n.<\/p>\n<p>Foi curioso observar o que se poder\u00eda chamar protocolo, coa diferenciaci\u00f3n clara de intervenci\u00f3n entre xente da Xunta e do Concello. Tam\u00e9n resultou chocante que na intervenci\u00f3n da &#8216;xente da Xunta&#8217; dando nota de que se concedera o interese tur\u00edstico para a romar\u00eda, non se tivera en conta a outra placa xa situada na parede que indica a batalla que tivo lugar al\u00ed no <a href=\"https:\/\/gl.wikipedia.org\/wiki\/1809\" target=\"_blank\" rel=\"noopener\">1809<\/a> e que deu lugar \u00e1 representaci\u00f3n das cruces, acto central da romar\u00eda. Tampouco se falou do estado das <a href=\"https:\/\/ribadeando.blogspot.com\/2019\/05\/a-humidade-corroe.html\" target=\"_blank\" rel=\"noopener\">humidades<\/a> e dunha soluci\u00f3n duradeira para o problema.<\/p>\n<p>As compo\u00f1entes que deron lugar \u00f3 que hoxe co\u00f1ecemos como &#8216;romar\u00eda das cruces&#8217; te\u00f1en unha parte relixiosa, pero tam\u00e9n outra de mitolox\u00eda hist\u00f3rica. Coido que haber\u00eda que coidar ambas para que a festa non quede desvirtuada como unha compo\u00f1ente m\u00e1is do &#8216;panem e circenses&#8217; moi t\u00edpico na sociedade actual.<\/p>\n<p>En fin, aparentemente, a festa seguir\u00e1 a medrar a partir da potenciaci\u00f3n que se est\u00e1 a facer dela. Este ano na romar\u00eda hab\u00eda peregrinos valencianos que gastaron un d\u00eda do seu cami\u00f1o a Santiago un\u00edndose \u00e1 romar\u00eda, a m\u00e1is doutros que pasaban e participaban por un rati\u00f1o.<\/p>\n<p>A m\u00e1is de moitas outras fotos doutras entradas anteriores sobre as Virtudes\/as Cruces, e a <a href=\"https:\/\/gl.wikipedia.org\/wiki\/Santuario_da_Nosa_Se%C3%B1ora_das_Virtudes_da_Ponte\" target=\"_blank\" rel=\"noopener\">entrada correspondente na Galipedia<\/a>, deixo algunha tomada onte:<\/p>\n<table align=\"center\" cellpadding=\"0\" cellspacing=\"0\" class=\"tr-caption-container\" style=\"margin-left: auto; margin-right: auto; text-align: center;\">\n<tbody>\n<tr>\n<td style=\"text-align: center;\"><a href=\"https:\/\/blogger.googleusercontent.com\/img\/b\/R29vZ2xl\/AVvXsEjXaoNAu1BxCAMM9rAXaJigIJpjV1OyxTwy0_tyM3NwG2PX3kOnb9ntb0QDYg1_j8tcCR3dKCHFcmNOP01vzPsTN7pgoDh8wsTyOlo3qTLCp0gZ1In3DPF5Uax46aI8uqASci5trQ\/s2048\/Cregada+de+As+cruces.png\" imageanchor=\"1\" style=\"margin-left: auto; margin-right: auto;\"><img decoding=\"async\" src=\"https:\/\/blogger.googleusercontent.com\/img\/b\/R29vZ2xl\/AVvXsEjXaoNAu1BxCAMM9rAXaJigIJpjV1OyxTwy0_tyM3NwG2PX3kOnb9ntb0QDYg1_j8tcCR3dKCHFcmNOP01vzPsTN7pgoDh8wsTyOlo3qTLCp0gZ1In3DPF5Uax46aI8uqASci5trQ\/s2048\/Cregada+de+As+cruces.png\" \/><\/a><\/td>\n<\/tr>\n<tr>\n<td class=\"tr-caption\" style=\"text-align: center;\">Chegada dos pend\u00f3ns da zona de Arante<\/td>\n<\/tr>\n<\/tbody>\n<\/table>\n<table align=\"center\" cellpadding=\"0\" cellspacing=\"0\" class=\"tr-caption-container\" style=\"margin-left: auto; margin-right: auto; text-align: center;\">\n<tbody>\n<tr>\n<td style=\"text-align: center;\"><a href=\"https:\/\/blogger.googleusercontent.com\/img\/b\/R29vZ2xl\/AVvXsEhAtSaWxD8tvby-8OBDEw0akdiYvrLVSi3-5Cqrw598xnYwSVBntdm3a8y_o9jFn0pXYNcrZl9AptxnzmzgRhY-v7xBFjZg-a5NcTNC_o59Vb89nhaYifI2g4QX5HNkhIEF_45CFA\/s2048\/Declaraci%25C3%25B3n+de+interese.png\" imageanchor=\"1\" style=\"margin-left: auto; margin-right: auto;\"><img decoding=\"async\" src=\"https:\/\/blogger.googleusercontent.com\/img\/b\/R29vZ2xl\/AVvXsEhAtSaWxD8tvby-8OBDEw0akdiYvrLVSi3-5Cqrw598xnYwSVBntdm3a8y_o9jFn0pXYNcrZl9AptxnzmzgRhY-v7xBFjZg-a5NcTNC_o59Vb89nhaYifI2g4QX5HNkhIEF_45CFA\/s2048\/Declaraci%25C3%25B3n+de+interese.png\" \/><\/a><\/td>\n<\/tr>\n<tr>\n<td class=\"tr-caption\" style=\"text-align: center;\">Acto para difundir a declaraci\u00f3n de interese tur\u00edstico<\/td>\n<\/tr>\n<\/tbody>\n<\/table>\n<table align=\"center\" cellpadding=\"0\" cellspacing=\"0\" class=\"tr-caption-container\" style=\"margin-left: auto; margin-right: auto; text-align: center;\">\n<tbody>\n<tr>\n<td style=\"text-align: center;\"><a href=\"https:\/\/blogger.googleusercontent.com\/img\/b\/R29vZ2xl\/AVvXsEg9fJviSO-AdP6FaNufCh99a7lh3QuISBswuZFR2sNTTw-Ll9JBA3__Fpf2ysRYOm0zgzxx_YvaCoPKAK5kFTK4jO2FPKHnfrxufMGimxOxzHgsIPCr0Fuz_tEk3xKa9qiabDv1eg\/s2048\/procesi%25C3%25B3n+de+As+Cruces+1.jpg\" imageanchor=\"1\" style=\"margin-left: auto; margin-right: auto;\"><img decoding=\"async\" src=\"https:\/\/blogger.googleusercontent.com\/img\/b\/R29vZ2xl\/AVvXsEg9fJviSO-AdP6FaNufCh99a7lh3QuISBswuZFR2sNTTw-Ll9JBA3__Fpf2ysRYOm0zgzxx_YvaCoPKAK5kFTK4jO2FPKHnfrxufMGimxOxzHgsIPCr0Fuz_tEk3xKa9qiabDv1eg\/s2048\/procesi%25C3%25B3n+de+As+Cruces+1.jpg\" \/><\/a><\/td>\n<\/tr>\n<tr>\n<td class=\"tr-caption\" style=\"text-align: center;\">Cabeza da procesi\u00f3n: Pend\u00f3ns e cruces, e virxe<\/td>\n<\/tr>\n<\/tbody>\n<\/table>\n<table align=\"center\" cellpadding=\"0\" cellspacing=\"0\" class=\"tr-caption-container\" style=\"margin-left: auto; margin-right: auto; text-align: center;\">\n<tbody>\n<tr>\n<td style=\"text-align: center;\"><a href=\"https:\/\/blogger.googleusercontent.com\/img\/b\/R29vZ2xl\/AVvXsEiYSpn6_blFEt0idB-8xsI2IdPBAriLtIoCTi4l7P0O6k8fIDjVd4Sd1HxAQPlKfj_ppjtQR3_r3xaf0-IX9xS2ZH-X0dNvHSdjYk9oMAMs8csNIxc5kDBTEiHuv-EVWNUekhgEKA\/s2048\/Santiago+Matramoros.jpg\" imageanchor=\"1\" style=\"margin-left: auto; margin-right: auto;\"><img decoding=\"async\" src=\"https:\/\/blogger.googleusercontent.com\/img\/b\/R29vZ2xl\/AVvXsEiYSpn6_blFEt0idB-8xsI2IdPBAriLtIoCTi4l7P0O6k8fIDjVd4Sd1HxAQPlKfj_ppjtQR3_r3xaf0-IX9xS2ZH-X0dNvHSdjYk9oMAMs8csNIxc5kDBTEiHuv-EVWNUekhgEKA\/s2048\/Santiago+Matramoros.jpg\" \/><\/a><\/td>\n<\/tr>\n<tr>\n<td class=\"tr-caption\" style=\"text-align: center;\">Santiago Matamoros, unha das tallas antigas do santuario.<\/td>\n<\/tr>\n<\/tbody>\n<\/table>\n<table align=\"center\" cellpadding=\"0\" cellspacing=\"0\" class=\"tr-caption-container\" style=\"margin-left: auto; margin-right: auto; text-align: center;\">\n<tbody>\n<tr>\n<td style=\"text-align: center;\"><a href=\"https:\/\/blogger.googleusercontent.com\/img\/b\/R29vZ2xl\/AVvXsEixubVm9bIMgzse6Da_UyC2pDtJ769K7eKIQN7h2KxdzirzUKpptu055YOUoT2Z_lkkOQ8bIox-rKsiIontHKpLIgBGKAXiHjiYq_mfe7gbfozrK_XTYqT8HYNTlO4F7vyeaCk6Gg\/s2048\/Virxe+das+Virtudes.jpg\" imageanchor=\"1\" style=\"margin-left: auto; margin-right: auto;\"><img decoding=\"async\" src=\"https:\/\/blogger.googleusercontent.com\/img\/b\/R29vZ2xl\/AVvXsEixubVm9bIMgzse6Da_UyC2pDtJ769K7eKIQN7h2KxdzirzUKpptu055YOUoT2Z_lkkOQ8bIox-rKsiIontHKpLIgBGKAXiHjiYq_mfe7gbfozrK_XTYqT8HYNTlO4F7vyeaCk6Gg\/s2048\/Virxe+das+Virtudes.jpg\" \/><\/a><\/td>\n<\/tr>\n<tr>\n<td class=\"tr-caption\" style=\"text-align: center;\">Virxe das Virtudes<\/td>\n<\/tr>\n<\/tbody>\n<\/table>\n<table align=\"center\" cellpadding=\"0\" cellspacing=\"0\" class=\"tr-caption-container\" style=\"margin-left: auto; margin-right: auto; text-align: center;\">\n<tbody>\n<tr>\n<td style=\"text-align: center;\"><a href=\"https:\/\/blogger.googleusercontent.com\/img\/b\/R29vZ2xl\/AVvXsEiGspbUg8KqkdlkhKbbaggtwfR84J4V4DCbJ0gHbhFw_YTBB0qmmOSoXBohW4rDXMOq7h2qVZ0rrtQ1cmhOsGpNXrMKxHZfWComYyW2eQHh9zGyeQsATsEk-0xNa434alezX2RNgg\/s2048\/placa+conmemorativa.jpg\" imageanchor=\"1\" style=\"margin-left: auto; margin-right: auto;\"><img decoding=\"async\" src=\"https:\/\/blogger.googleusercontent.com\/img\/b\/R29vZ2xl\/AVvXsEiGspbUg8KqkdlkhKbbaggtwfR84J4V4DCbJ0gHbhFw_YTBB0qmmOSoXBohW4rDXMOq7h2qVZ0rrtQ1cmhOsGpNXrMKxHZfWComYyW2eQHh9zGyeQsATsEk-0xNa434alezX2RNgg\/s2048\/placa+conmemorativa.jpg\" \/><\/a><\/td>\n<\/tr>\n<tr>\n<td class=\"tr-caption\" style=\"text-align: center;\">Placa conmemorativa do combate contra os franceses.<\/td>\n<\/tr>\n<\/tbody>\n<\/table>\n<table align=\"center\" cellpadding=\"0\" cellspacing=\"0\" class=\"tr-caption-container\" style=\"margin-left: auto; margin-right: auto; text-align: center;\">\n<tbody>\n<tr>\n<td style=\"text-align: center;\"><a href=\"https:\/\/blogger.googleusercontent.com\/img\/b\/R29vZ2xl\/AVvXsEgzaKSSaiZKGQTmSg2MeZ1HSaN8_N8uba6zmsK50Fxq0w05P8NhD1IrLX_PZUvc_mMXUKjqzytEJ-CXOEyPfqOPDhkqRKfJPhHFEMJksiXGxqTEyhYHtkUWwyuJtkq6_t_ipw4ORQ\/s2048\/cruces+no+contraforte.jpg\" imageanchor=\"1\" style=\"margin-left: auto; margin-right: auto;\"><img decoding=\"async\" src=\"https:\/\/blogger.googleusercontent.com\/img\/b\/R29vZ2xl\/AVvXsEgzaKSSaiZKGQTmSg2MeZ1HSaN8_N8uba6zmsK50Fxq0w05P8NhD1IrLX_PZUvc_mMXUKjqzytEJ-CXOEyPfqOPDhkqRKfJPhHFEMJksiXGxqTEyhYHtkUWwyuJtkq6_t_ipw4ORQ\/s2048\/cruces+no+contraforte.jpg\" \/><\/a><\/td>\n<\/tr>\n<tr>\n<td class=\"tr-caption\" style=\"text-align: center;\">Detalle dun dos contrafortes: cruces gravadas.<\/td>\n<\/tr>\n<\/tbody>\n<\/table>\n","protected":false},"excerpt":{"rendered":"<p>Este luns 10 de xu\u00f1o foi a romar\u00eda das Virtudes na Ponte de Arante. Xuntouse moita xente, a pesar de ser d\u00eda laborable e de que houbo festa tam\u00e9n o d\u00eda anterior (mesmo con representaci\u00f3n do combate cos franceses), domingo. Hab\u00eda unha raz\u00f3n para que acudira m\u00e1is xente que outros anos? Pode dicirse que si. [&hellip;]<\/p>\n","protected":false},"author":3,"featured_media":0,"comment_status":"open","ping_status":"closed","sticky":false,"template":"","format":"standard","meta":{"activitypub_content_warning":"","activitypub_content_visibility":"","activitypub_max_image_attachments":3,"activitypub_interaction_policy_quote":"anyone","activitypub_status":"federated","footnotes":""},"categories":[1],"tags":[10,103,93,9],"class_list":["post-5325","post","type-post","status-publish","format-standard","hentry","category-sen-categoria","tag-cultura","tag-fotos","tag-fotos-ribadeo","tag-sociedade"],"_links":{"self":[{"href":"https:\/\/blogs.amarinha.gal\/ribadeando\/wp-json\/wp\/v2\/posts\/5325","targetHints":{"allow":["GET"]}}],"collection":[{"href":"https:\/\/blogs.amarinha.gal\/ribadeando\/wp-json\/wp\/v2\/posts"}],"about":[{"href":"https:\/\/blogs.amarinha.gal\/ribadeando\/wp-json\/wp\/v2\/types\/post"}],"author":[{"embeddable":true,"href":"https:\/\/blogs.amarinha.gal\/ribadeando\/wp-json\/wp\/v2\/users\/3"}],"replies":[{"embeddable":true,"href":"https:\/\/blogs.amarinha.gal\/ribadeando\/wp-json\/wp\/v2\/comments?post=5325"}],"version-history":[{"count":0,"href":"https:\/\/blogs.amarinha.gal\/ribadeando\/wp-json\/wp\/v2\/posts\/5325\/revisions"}],"wp:attachment":[{"href":"https:\/\/blogs.amarinha.gal\/ribadeando\/wp-json\/wp\/v2\/media?parent=5325"}],"wp:term":[{"taxonomy":"category","embeddable":true,"href":"https:\/\/blogs.amarinha.gal\/ribadeando\/wp-json\/wp\/v2\/categories?post=5325"},{"taxonomy":"post_tag","embeddable":true,"href":"https:\/\/blogs.amarinha.gal\/ribadeando\/wp-json\/wp\/v2\/tags?post=5325"}],"curies":[{"name":"wp","href":"https:\/\/api.w.org\/{rel}","templated":true}]}}