{"id":5261,"date":"2019-09-23T07:53:00","date_gmt":"2019-09-23T05:53:00","guid":{"rendered":""},"modified":"2024-11-12T13:19:23","modified_gmt":"2024-11-12T12:19:23","slug":"pleno-convocatoria-para-martes-24-de","status":"publish","type":"post","link":"https:\/\/blogs.amarinha.gal\/ribadeando\/2019\/09\/23\/pleno-convocatoria-para-martes-24-de\/","title":{"rendered":"Pleno. Convocatoria para martes 24 de setembro de 2019"},"content":{"rendered":"<p><a href=\"https:\/\/blogger.googleusercontent.com\/img\/b\/R29vZ2xl\/AVvXsEhwVC-rwBnF0G91ISJ4C8IDZAziDGM9znJNUsTOoGDxgNDbL2i5cUf4EM__JUxKmHNldDxFsgdAKxEnggN42OIt2lr_4EEKYrrl5g2z-U74W84Aqo1bOxR7IciUmLQenAphPbbHoA\/s2048\/Orde_do_Dia_do_Pleno_Ordinario_24_de_setembro_de_2019.jpg\" imageanchor=\"1\" style=\"margin-left: 1em; margin-right: 1em;\"><img decoding=\"async\" src=\"https:\/\/blogger.googleusercontent.com\/img\/b\/R29vZ2xl\/AVvXsEhwVC-rwBnF0G91ISJ4C8IDZAziDGM9znJNUsTOoGDxgNDbL2i5cUf4EM__JUxKmHNldDxFsgdAKxEnggN42OIt2lr_4EEKYrrl5g2z-U74W84Aqo1bOxR7IciUmLQenAphPbbHoA\/s2048\/Orde_do_Dia_do_Pleno_Ordinario_24_de_setembro_de_2019.jpg\" \/><\/a><\/p>\n<p>Ma\u00f1\u00e1 martes 24 de setembro haber\u00e1 un pleno no que ter\u00e1n cabida cousas moi variadas. A primeira que se tratar\u00e1 ser\u00e1 a petici\u00f3n de declaraci\u00f3n de ben de interese cultural para o gale\u00f3n afundido na r\u00eda no 1597, o San Giacomo di Galizia. Despois ve\u00f1en temas econ\u00f3micos, dende a conta xeral do concello \u00f3 importe das n\u00f3minas do concello, o complemento de produtividade ou a obtenci\u00f3n dos cartos para a obra do estadio Pepe Barrera, en obras na actualidade. Plan de igualdade (o terceiro no concello) ou os decretos varios da alcald\u00eda completar\u00e1n o pleno, que rematar\u00e1 con tres moci\u00f3ns: unha, sobre o abastecemento de augas a Ribadeo, presentada polo PP a ra\u00edz da pol\u00e9mica sobre a renovaci\u00f3n dunha tra\u00edda de augas que, valla a redundancia, fai augas xa dende hai tempo, e d\u00faas sobre Alcoa, do BNG e do PP, nas que \u00e9 previsible que se pida para beneficiar \u00e1 empresa pola presi\u00f3n dos postos de traballoo, pero con lixeiras diferencias que far\u00e1n posible un recorrido diverso de ambas.<\/p>\n","protected":false},"excerpt":{"rendered":"<p>Ma\u00f1\u00e1 martes 24 de setembro haber\u00e1 un pleno no que ter\u00e1n cabida cousas moi variadas. A primeira que se tratar\u00e1 ser\u00e1 a petici\u00f3n de declaraci\u00f3n de ben de interese cultural para o gale\u00f3n afundido na r\u00eda no 1597, o San Giacomo di Galizia. Despois ve\u00f1en temas econ\u00f3micos, dende a conta xeral do concello \u00f3 importe [&hellip;]<\/p>\n","protected":false},"author":3,"featured_media":0,"comment_status":"open","ping_status":"closed","sticky":false,"template":"","format":"standard","meta":{"activitypub_content_warning":"","activitypub_content_visibility":"","activitypub_max_image_attachments":3,"activitypub_interaction_policy_quote":"anyone","activitypub_status":"federated","footnotes":""},"categories":[1],"tags":[42],"class_list":["post-5261","post","type-post","status-publish","format-standard","hentry","category-sen-categoria","tag-plenos"],"_links":{"self":[{"href":"https:\/\/blogs.amarinha.gal\/ribadeando\/wp-json\/wp\/v2\/posts\/5261","targetHints":{"allow":["GET"]}}],"collection":[{"href":"https:\/\/blogs.amarinha.gal\/ribadeando\/wp-json\/wp\/v2\/posts"}],"about":[{"href":"https:\/\/blogs.amarinha.gal\/ribadeando\/wp-json\/wp\/v2\/types\/post"}],"author":[{"embeddable":true,"href":"https:\/\/blogs.amarinha.gal\/ribadeando\/wp-json\/wp\/v2\/users\/3"}],"replies":[{"embeddable":true,"href":"https:\/\/blogs.amarinha.gal\/ribadeando\/wp-json\/wp\/v2\/comments?post=5261"}],"version-history":[{"count":0,"href":"https:\/\/blogs.amarinha.gal\/ribadeando\/wp-json\/wp\/v2\/posts\/5261\/revisions"}],"wp:attachment":[{"href":"https:\/\/blogs.amarinha.gal\/ribadeando\/wp-json\/wp\/v2\/media?parent=5261"}],"wp:term":[{"taxonomy":"category","embeddable":true,"href":"https:\/\/blogs.amarinha.gal\/ribadeando\/wp-json\/wp\/v2\/categories?post=5261"},{"taxonomy":"post_tag","embeddable":true,"href":"https:\/\/blogs.amarinha.gal\/ribadeando\/wp-json\/wp\/v2\/tags?post=5261"}],"curies":[{"name":"wp","href":"https:\/\/api.w.org\/{rel}","templated":true}]}}