{"id":5231,"date":"2019-11-13T11:41:00","date_gmt":"2019-11-13T10:41:00","guid":{"rendered":""},"modified":"2024-11-12T13:18:27","modified_gmt":"2024-11-12T12:18:27","slug":"a-pista-de-xeo-de-ribadeo-morreu","status":"publish","type":"post","link":"https:\/\/blogs.amarinha.gal\/ribadeando\/2019\/11\/13\/a-pista-de-xeo-de-ribadeo-morreu\/","title":{"rendered":"A pista de xeo de Ribadeo morreu"},"content":{"rendered":"<p><a href=\"https:\/\/blogger.googleusercontent.com\/img\/b\/R29vZ2xl\/AVvXsEjrNmPrdoaJ1Mo21T9mm8QT1iJ9pDP8qty4leUI36ZIFaw_M4mtoI34wT6V0sX4k-4QCUFU95qKRwb71JsQMTR1ecsreD6hV5WuuygS0xJzB3ZyGh5fc5lh4QVptqofeiZzYfHt9Q\/s2048\/Ribadeo+sobre+xeo+non.jpg\" imageanchor=\"1\" style=\"margin-left: 1em; margin-right: 1em;\"><img decoding=\"async\" src=\"https:\/\/blogger.googleusercontent.com\/img\/b\/R29vZ2xl\/AVvXsEjrNmPrdoaJ1Mo21T9mm8QT1iJ9pDP8qty4leUI36ZIFaw_M4mtoI34wT6V0sX4k-4QCUFU95qKRwb71JsQMTR1ecsreD6hV5WuuygS0xJzB3ZyGh5fc5lh4QVptqofeiZzYfHt9Q\/s2048\/Ribadeo+sobre+xeo+non.jpg\" \/><\/a><\/p>\n<p>Polo que parece, morreu de \u00e9xito: cada campa\u00f1a era un \u00e9xito, ata a desaparici\u00f3n final. A \u00faltima, con tanta concorrencia que deu un saldo negativo de 27 000 \u20ac para o concello. Ou sexa, 2,7\u20ac por cada ribadense -que tal unha viaxe gratis a conta deses cartos?- ou 185 \u20ac por cada comercio de ACISA -anunciados beneficiarios da subvenci\u00f3n extra, o n\u00famero de 150 socios invariable dende hai moito-.<\/p>\n<p>O caso \u00e9 que este Nadal a <a href=\"http:\/\/ribadeando.blogspot.com\/search?q=pista+de+xeo&amp;max-results=20&amp;by-date=true\" target=\"_blank\" rel=\"noopener\">pista de xeo<\/a> para patinaxe non acompa\u00f1ar\u00e1 \u00e1s 800 000 led para m\u00e1is brilo de Ribadeo, o parque non se amputar\u00e1 unha vez m\u00e1is para a labor e Ribadeo non ser\u00e1 lugar para escenas fotografables sobre xeo como en anos anteriores.<\/p>\n<p>Polo que parece, estase &#8216;na procura de alternativas&#8217; por ser o da pista &#8216;un modelo esgotado&#8217;. Coido que, polo contrario, despois de varios anos coa pista funcionando, a xente dos arredores xa o ti\u00f1a na cabeza e era m\u00e1is doado sacarlle partido, pero haber\u00eda que cambiar o sistema de financiamento para non disparar os n\u00fameros vermellos para o concello (non disparar a subvenci\u00f3n). N\u00fameros vermellos que coido non se presentaron nunca dun xeito consolidado inclu\u00edndo cousas como gasto de electricidade, por unha beira, ou cun estudo realista da s\u00faa influencia efectiva no movemento de cartos en Ribadeo.<\/p>\n","protected":false},"excerpt":{"rendered":"<p>Polo que parece, morreu de \u00e9xito: cada campa\u00f1a era un \u00e9xito, ata a desaparici\u00f3n final. A \u00faltima, con tanta concorrencia que deu un saldo negativo de 27 000 \u20ac para o concello. Ou sexa, 2,7\u20ac por cada ribadense -que tal unha viaxe gratis a conta deses cartos?- ou 185 \u20ac por cada comercio de ACISA [&hellip;]<\/p>\n","protected":false},"author":3,"featured_media":0,"comment_status":"open","ping_status":"closed","sticky":false,"template":"","format":"standard","meta":{"activitypub_content_warning":"","activitypub_content_visibility":"","activitypub_max_image_attachments":3,"activitypub_interaction_policy_quote":"anyone","activitypub_status":"federated","footnotes":""},"categories":[1],"tags":[98,21,25,9],"class_list":["post-5231","post","type-post","status-publish","format-standard","hentry","category-sen-categoria","tag-acisa","tag-economia","tag-festas","tag-sociedade"],"_links":{"self":[{"href":"https:\/\/blogs.amarinha.gal\/ribadeando\/wp-json\/wp\/v2\/posts\/5231","targetHints":{"allow":["GET"]}}],"collection":[{"href":"https:\/\/blogs.amarinha.gal\/ribadeando\/wp-json\/wp\/v2\/posts"}],"about":[{"href":"https:\/\/blogs.amarinha.gal\/ribadeando\/wp-json\/wp\/v2\/types\/post"}],"author":[{"embeddable":true,"href":"https:\/\/blogs.amarinha.gal\/ribadeando\/wp-json\/wp\/v2\/users\/3"}],"replies":[{"embeddable":true,"href":"https:\/\/blogs.amarinha.gal\/ribadeando\/wp-json\/wp\/v2\/comments?post=5231"}],"version-history":[{"count":0,"href":"https:\/\/blogs.amarinha.gal\/ribadeando\/wp-json\/wp\/v2\/posts\/5231\/revisions"}],"wp:attachment":[{"href":"https:\/\/blogs.amarinha.gal\/ribadeando\/wp-json\/wp\/v2\/media?parent=5231"}],"wp:term":[{"taxonomy":"category","embeddable":true,"href":"https:\/\/blogs.amarinha.gal\/ribadeando\/wp-json\/wp\/v2\/categories?post=5231"},{"taxonomy":"post_tag","embeddable":true,"href":"https:\/\/blogs.amarinha.gal\/ribadeando\/wp-json\/wp\/v2\/tags?post=5231"}],"curies":[{"name":"wp","href":"https:\/\/api.w.org\/{rel}","templated":true}]}}