{"id":5212,"date":"2019-12-15T09:49:00","date_gmt":"2019-12-15T08:49:00","guid":{"rendered":""},"modified":"2024-11-12T13:17:52","modified_gmt":"2024-11-12T12:17:52","slug":"a-idade-dos-alcaldes-de-ribadeo","status":"publish","type":"post","link":"https:\/\/blogs.amarinha.gal\/ribadeando\/2019\/12\/15\/a-idade-dos-alcaldes-de-ribadeo\/","title":{"rendered":"A idade dos alcaldes de Ribadeo: Alcald\u00eda de Ribadeo e idade"},"content":{"rendered":"<p><span>&nbsp;&nbsp; &nbsp;<\/span>No seu momento, esquec\u00edn po\u00f1er \u00f3 d\u00eda un gr\u00e1fico curioso: o das <a href=\"https:\/\/ribadeando.blogspot.com\/2017\/06\/alcaldia-de-ribadeo-e-idade-un-grafico.html\" target=\"_blank\" rel=\"noopener\">idades dos alcaldes de Ribadeo<\/a>. Aproveito agora para actualizalo de xeito parcial.<\/p>\n<p><a href=\"https:\/\/blogger.googleusercontent.com\/img\/b\/R29vZ2xl\/AVvXsEgvz8QTBhi0D4Jmu3fUtLtytEccl6qqNOGMrM5hcnqHpYtoEb_Pcgc53tjqr0pTYkA_3N-a06ETlW8rETRR1OKzH43vS5xOQ6l4Jn45BQPa1CF8-HXVUTDmKlsiHl5RpRF6XN_tJQ\/s2048\/idades+dos+alcaldes+de+Ribadeo.jpg\" style=\"margin-left: 1em; margin-right: 1em;\"><img decoding=\"async\" src=\"https:\/\/blogger.googleusercontent.com\/img\/b\/R29vZ2xl\/AVvXsEgvz8QTBhi0D4Jmu3fUtLtytEccl6qqNOGMrM5hcnqHpYtoEb_Pcgc53tjqr0pTYkA_3N-a06ETlW8rETRR1OKzH43vS5xOQ6l4Jn45BQPa1CF8-HXVUTDmKlsiHl5RpRF6XN_tJQ\/s2048\/idades+dos+alcaldes+de+Ribadeo.jpg\" \/><\/a><\/p>\n<p><span>&nbsp;&nbsp; &nbsp;<\/span>Os <a href=\"https:\/\/ribadeando.blogspot.com\/2007\/06\/alcaldes-de-ribadeo-un-pouco-de.html\" target=\"_blank\" rel=\"noopener\">dez alcaldes de Ribadeo na \u00e9poca democr\u00e1tica<\/a> est\u00e1n ordeados por data de acceso \u00f3 cargo, a\u00ednda que os hai que estiveron s\u00f3 uns poucos d\u00edas (a maior\u00eda dos tos sen cubrir).<\/p>\n<p><span>&nbsp;&nbsp; &nbsp;<\/span>O gr\u00e1fico \u00e9 indicativo: a xente, evidente, aumenta de idade co tempo, pero polo que parece, a idade media dos alcaldes espa\u00f1ois non cesa de aumentar dende o advenimento da etapa democr\u00e1tica. E en Ribadeo, despois de ter o alcalde m\u00e1is novo no 2007, vaise incorporando \u00e1 tendencia xeral.<\/p>\n<p><span>&nbsp;&nbsp; &nbsp;<\/span>A ter en conta que houbo un tempo -a primeira tempada- no que a<br \/>\n alcald\u00eda foi abondo menos continu\u00edsta que na actualidade; de feito, o actual mandato completar\u00e1 16 anos co mesmo alcalde en Ribadeo, m\u00e1is dun tercio do per\u00edodo dende os tempos da<br \/>\nditadura. <\/p>\n<p><span>&nbsp;&nbsp; &nbsp;<\/span>Unha<br \/>\nnota: os anos est\u00e1n calculados restando \u00f3 ano da t\u00e1boa o ano de<br \/>\nnacemento, polo que pode haber nalg\u00fan momento un ano de variaci\u00f3n, o<br \/>\nmesmo que pasa cando dicimos que algu\u00e9n ten, po\u00f1amos por caso, 45 anos,<br \/>\ncando lle falta un d\u00eda para cumprir os 46.<\/p>\n<p><span>&nbsp;&nbsp; &nbsp;<\/span>E unha lista ata a actualidade:<\/p>\n<p><span>&nbsp;&nbsp; &nbsp;<\/span>1979 &#8211; Mario Meira, substitu\u00eddo uns meses por M. Fojo, de Cubelas, e rematando o mandato Antonio Mart\u00ednez<\/p>\n<p><span>&nbsp;&nbsp; &nbsp;<\/span>1983<br \/>\n &#8211; Jaime Vidaurr\u00e1zaga uns meses mentras non se resolveu unha disputa de<br \/>\nvotos impugnados en Vilaframil. Logo, Jos\u00e9 Ram\u00f3n Coci\u00f1a, que tivo que<br \/>\ndeixalo por incompatibilidade coa Deputaci\u00f3n Provincial, rematando o mandato Jos\u00e9 Luis Trashorras M\u00e9ndez.<\/p>\n<p><span>&nbsp;&nbsp; &nbsp;<\/span>1987 e 1991 &#8211; Eduardo Guti\u00e9rrez Fern\u00e1ndez<\/p>\n<p><span>&nbsp;&nbsp; &nbsp;<\/span>1995 e 1999 &#8211; Jos\u00e9 Carlos Rodr\u00edguez Andina<\/p>\n<p><span>&nbsp;&nbsp; &nbsp;<\/span>2003 &#8211; Balbino Eugenio P\u00e9rez Vacas.<\/p>\n<p><span>&nbsp;&nbsp; &nbsp;<\/span>2007, 2011, 2015, 2019 &#8211; Fernando Su\u00e1rez Barcia&nbsp;<\/p>\n<p>&#8212;<\/p>\n<p><a href=\"https:\/\/blogs.amarinha.gal\/ribadeando\/2017\/06\/alcaldia-de-ribadeo-e-idade-un-grafico.html\" rel=\"nofollow noopener\" target=\"_blank\">Versi\u00f3n anterior (2017)<\/a><\/p><\/p>\n","protected":false},"excerpt":{"rendered":"<p>&nbsp;&nbsp; &nbsp;No seu momento, esquec\u00edn po\u00f1er \u00f3 d\u00eda un gr\u00e1fico curioso: o das idades dos alcaldes de Ribadeo. Aproveito agora para actualizalo de xeito parcial. &nbsp;&nbsp; &nbsp;Os dez alcaldes de Ribadeo na \u00e9poca democr\u00e1tica est\u00e1n ordeados por data de acceso \u00f3 cargo, a\u00ednda que os hai que estiveron s\u00f3 uns poucos d\u00edas (a maior\u00eda dos [&hellip;]<\/p>\n","protected":false},"author":3,"featured_media":0,"comment_status":"open","ping_status":"closed","sticky":false,"template":"","format":"standard","meta":{"activitypub_content_warning":"","activitypub_content_visibility":"","activitypub_max_image_attachments":3,"activitypub_interaction_policy_quote":"anyone","activitypub_status":"federated","footnotes":""},"categories":[1],"tags":[11],"class_list":["post-5212","post","type-post","status-publish","format-standard","hentry","category-sen-categoria","tag-historia"],"_links":{"self":[{"href":"https:\/\/blogs.amarinha.gal\/ribadeando\/wp-json\/wp\/v2\/posts\/5212","targetHints":{"allow":["GET"]}}],"collection":[{"href":"https:\/\/blogs.amarinha.gal\/ribadeando\/wp-json\/wp\/v2\/posts"}],"about":[{"href":"https:\/\/blogs.amarinha.gal\/ribadeando\/wp-json\/wp\/v2\/types\/post"}],"author":[{"embeddable":true,"href":"https:\/\/blogs.amarinha.gal\/ribadeando\/wp-json\/wp\/v2\/users\/3"}],"replies":[{"embeddable":true,"href":"https:\/\/blogs.amarinha.gal\/ribadeando\/wp-json\/wp\/v2\/comments?post=5212"}],"version-history":[{"count":0,"href":"https:\/\/blogs.amarinha.gal\/ribadeando\/wp-json\/wp\/v2\/posts\/5212\/revisions"}],"wp:attachment":[{"href":"https:\/\/blogs.amarinha.gal\/ribadeando\/wp-json\/wp\/v2\/media?parent=5212"}],"wp:term":[{"taxonomy":"category","embeddable":true,"href":"https:\/\/blogs.amarinha.gal\/ribadeando\/wp-json\/wp\/v2\/categories?post=5212"},{"taxonomy":"post_tag","embeddable":true,"href":"https:\/\/blogs.amarinha.gal\/ribadeando\/wp-json\/wp\/v2\/tags?post=5212"}],"curies":[{"name":"wp","href":"https:\/\/api.w.org\/{rel}","templated":true}]}}