{"id":5190,"date":"2020-01-30T18:29:00","date_gmt":"2020-01-30T17:29:00","guid":{"rendered":""},"modified":"2024-11-12T13:17:08","modified_gmt":"2024-11-12T12:17:08","slug":"asociacion-pro-maiores-jose-m-rodriguez-2","status":"publish","type":"post","link":"https:\/\/blogs.amarinha.gal\/ribadeando\/2020\/01\/30\/asociacion-pro-maiores-jose-m-rodriguez-2\/","title":{"rendered":"Asociaci\u00f3n pro maiores Jos\u00e9 M\u00aa Rodr\u00edguez. Notas de prensa sobre unha xuntanza"},"content":{"rendered":"<p>Po\u00f1o a continuaci\u00f3n d\u00faas notas de prensa sobre a xuntanza que estaba prevista para este s\u00e1bado na nova residencia de maiores:<\/p>\n<p>A nova:<\/p>\n<p align=\"center\"><span style=\"font-size: medium;\">Asociaci\u00f3n<br \/>\npro maiores Jos\u00e9 M\u00aa Rodr\u00edguez<\/span><\/p>\n<p align=\"center\"><span style=\"font-size: medium;\">Nota<br \/>\nde prensa<\/span><\/p>\n<p align=\"center\"><span style=\"font-size: medium;\">Ribadeo,<br \/>\n20200130 \u2013 Posposta de xuntanza<\/span><\/p>\n<p align=\"justify\">Tras recibir hoxe, 30 de xaneiro, a resposta do concello \u00e1 nosa<br \/>\npetici\u00f3n de 23 de decembro, negando a posibilidade de uso dun local<br \/>\nna nova residencia de maiores para unha xuntanza, e ante a<br \/>\nimposibilidade de procura dun local alternativo adecuado e de dar o<br \/>\ncorrespondente aviso \u00e1 xente interesada, posponse dita xuntanza, sen<br \/>\nter polo momento nova data e lugar de celebraci\u00f3n.<\/p>\n<p align=\"justify\">Oportunamente, e con tempo abondo, po\u00f1erase en co\u00f1ecemento de<br \/>\nt\u00f3dolos interesados a nova data, hora e lugar de celebraci\u00f3n.<\/p>\n<p>&#8211;<\/p>\n<p>A vella:<\/p>\n<p align=\"center\"><span style=\"font-size: medium;\">Asociaci\u00f3n<br \/>\npro maiores Jos\u00e9 M\u00aa Rodr\u00edguez<\/span><\/p>\n<p align=\"center\"><span style=\"font-size: medium;\">Nota<br \/>\nde prensa<\/span><\/p>\n<p align=\"center\"><span style=\"font-size: medium;\">Ribadeo,<br \/>\n20200129 &#8211; Lembranza<\/span><\/p>\n<p align=\"justify\">\u00d3 achegarse a data da pr\u00f3xima xuntanza convocada para fundamentar a<br \/>\n<em>Asociaci\u00f3n pro maiores Jos\u00e9 M\u00aa Rodr\u00edguez<\/em>, lembramos que<br \/>\nter\u00e1 lugar este s\u00e1bado d\u00eda 1, \u00e1s 18:00, nos locais da nova<br \/>\nresidencia de maiores.<\/p>\n<p align=\"justify\">Como nas ocasi\u00f3ns anteriores, conv\u00eddase \u00e1 asistencia a toda persoa<br \/>\n-te\u00f1a alg\u00fan familiar na residencia ou non- ou asociaci\u00f3n<br \/>\ninteresada en colaborar para que os nosos maiores te\u00f1an a mellor<br \/>\ncalidade de vida.<\/p>\n","protected":false},"excerpt":{"rendered":"<p>Po\u00f1o a continuaci\u00f3n d\u00faas notas de prensa sobre a xuntanza que estaba prevista para este s\u00e1bado na nova residencia de maiores: A nova: Asociaci\u00f3n pro maiores Jos\u00e9 M\u00aa Rodr\u00edguez Nota de prensa Ribadeo, 20200130 \u2013 Posposta de xuntanza Tras recibir hoxe, 30 de xaneiro, a resposta do concello \u00e1 nosa petici\u00f3n de 23 de decembro, [&hellip;]<\/p>\n","protected":false},"author":3,"featured_media":0,"comment_status":"open","ping_status":"closed","sticky":false,"template":"","format":"standard","meta":{"activitypub_content_warning":"","activitypub_content_visibility":"","activitypub_max_image_attachments":3,"activitypub_interaction_policy_quote":"anyone","activitypub_status":"federated","footnotes":""},"categories":[1],"tags":[74,64],"class_list":["post-5190","post","type-post","status-publish","format-standard","hentry","category-sen-categoria","tag-o-teson","tag-residencia"],"_links":{"self":[{"href":"https:\/\/blogs.amarinha.gal\/ribadeando\/wp-json\/wp\/v2\/posts\/5190","targetHints":{"allow":["GET"]}}],"collection":[{"href":"https:\/\/blogs.amarinha.gal\/ribadeando\/wp-json\/wp\/v2\/posts"}],"about":[{"href":"https:\/\/blogs.amarinha.gal\/ribadeando\/wp-json\/wp\/v2\/types\/post"}],"author":[{"embeddable":true,"href":"https:\/\/blogs.amarinha.gal\/ribadeando\/wp-json\/wp\/v2\/users\/3"}],"replies":[{"embeddable":true,"href":"https:\/\/blogs.amarinha.gal\/ribadeando\/wp-json\/wp\/v2\/comments?post=5190"}],"version-history":[{"count":0,"href":"https:\/\/blogs.amarinha.gal\/ribadeando\/wp-json\/wp\/v2\/posts\/5190\/revisions"}],"wp:attachment":[{"href":"https:\/\/blogs.amarinha.gal\/ribadeando\/wp-json\/wp\/v2\/media?parent=5190"}],"wp:term":[{"taxonomy":"category","embeddable":true,"href":"https:\/\/blogs.amarinha.gal\/ribadeando\/wp-json\/wp\/v2\/categories?post=5190"},{"taxonomy":"post_tag","embeddable":true,"href":"https:\/\/blogs.amarinha.gal\/ribadeando\/wp-json\/wp\/v2\/tags?post=5190"}],"curies":[{"name":"wp","href":"https:\/\/api.w.org\/{rel}","templated":true}]}}