{"id":5188,"date":"2020-02-06T08:10:00","date_gmt":"2020-02-06T07:10:00","guid":{"rendered":""},"modified":"2024-11-12T13:17:05","modified_gmt":"2024-11-12T12:17:05","slug":"hoxe-hai-pleno-queres-ir-entre-outras","status":"publish","type":"post","link":"https:\/\/blogs.amarinha.gal\/ribadeando\/2020\/02\/06\/hoxe-hai-pleno-queres-ir-entre-outras\/","title":{"rendered":"Hoxe hai pleno. Queres ir? Entre outras cousas, tr\u00e1tase do orzamento do concello para 2020."},"content":{"rendered":"<p>Coido que non \u00e9 algo que se pregunte moi a mi\u00fado en Ribadeo. A desconexi\u00f3n da vida &#8216;p\u00fablica&#8217; da vida &#8216;a secas&#8217; pasa de xeito forzado pola desconexi\u00f3n da xente dos asuntos p\u00fablicos, respondendo s\u00f3 ante o tratamento que fan as instituci\u00f3ns dos asuntos privados. As\u00ed, a esfera do p\u00fablico e do com\u00fan, aband\u00f3ase prduc\u00edndose un retroceso social. Algo que o conxunto dunha sociedade sa ten interese en evitar. Mais parece que non o caso.<\/p>\n<p>De calquera xeito, deixo aqu\u00ed a convocatoria do pleno de hoxe, xoves 6 de febreiro, posteada na &#8216;Sede electr\u00f3nica de Ribadeo&#8217; o luns 3, sen outro anuncio m\u00e1is que unha nova nun xornal na que se daba conta do cambio da convocatoria de martes a xoves para que poidera asistir un membro da oposici\u00f3n, Daniel Vega. Por certo, que hoxe mesmo, de xeito err\u00f3neo, aparece nunha secci\u00f3n local que o pleno se celebrou onte.<\/p>\n<p><a href=\"https:\/\/blogger.googleusercontent.com\/img\/b\/R29vZ2xl\/AVvXsEhb1ULKrOy-kHU2XgkZ3z77R9AGjTYs56G2ZTWsdOXgDhiEEThI8_PCfEnUwY9gtPDKifb7hyphenhyphenjLX98O49vMezFa-dMVmcV4dpbbBqAsdhFGCC52qF3PKlEtJ6kfIA3RvmWLnRV_sg\/s2048\/20200203_convocatoria+pleno.jpg\" imageanchor=\"1\" style=\"margin-left: 1em; margin-right: 1em;\"><img decoding=\"async\" src=\"https:\/\/blogger.googleusercontent.com\/img\/b\/R29vZ2xl\/AVvXsEhb1ULKrOy-kHU2XgkZ3z77R9AGjTYs56G2ZTWsdOXgDhiEEThI8_PCfEnUwY9gtPDKifb7hyphenhyphenjLX98O49vMezFa-dMVmcV4dpbbBqAsdhFGCC52qF3PKlEtJ6kfIA3RvmWLnRV_sg\/s2048\/20200203_convocatoria+pleno.jpg\" \/><\/a><\/p>\n","protected":false},"excerpt":{"rendered":"<p>Coido que non \u00e9 algo que se pregunte moi a mi\u00fado en Ribadeo. A desconexi\u00f3n da vida &#8216;p\u00fablica&#8217; da vida &#8216;a secas&#8217; pasa de xeito forzado pola desconexi\u00f3n da xente dos asuntos p\u00fablicos, respondendo s\u00f3 ante o tratamento que fan as instituci\u00f3ns dos asuntos privados. As\u00ed, a esfera do p\u00fablico e do com\u00fan, aband\u00f3ase prduc\u00edndose [&hellip;]<\/p>\n","protected":false},"author":3,"featured_media":0,"comment_status":"open","ping_status":"closed","sticky":false,"template":"","format":"standard","meta":{"activitypub_content_warning":"","activitypub_content_visibility":"","activitypub_max_image_attachments":3,"activitypub_interaction_policy_quote":"anyone","activitypub_status":"federated","footnotes":""},"categories":[1],"tags":[42,9],"class_list":["post-5188","post","type-post","status-publish","format-standard","hentry","category-sen-categoria","tag-plenos","tag-sociedade"],"_links":{"self":[{"href":"https:\/\/blogs.amarinha.gal\/ribadeando\/wp-json\/wp\/v2\/posts\/5188","targetHints":{"allow":["GET"]}}],"collection":[{"href":"https:\/\/blogs.amarinha.gal\/ribadeando\/wp-json\/wp\/v2\/posts"}],"about":[{"href":"https:\/\/blogs.amarinha.gal\/ribadeando\/wp-json\/wp\/v2\/types\/post"}],"author":[{"embeddable":true,"href":"https:\/\/blogs.amarinha.gal\/ribadeando\/wp-json\/wp\/v2\/users\/3"}],"replies":[{"embeddable":true,"href":"https:\/\/blogs.amarinha.gal\/ribadeando\/wp-json\/wp\/v2\/comments?post=5188"}],"version-history":[{"count":0,"href":"https:\/\/blogs.amarinha.gal\/ribadeando\/wp-json\/wp\/v2\/posts\/5188\/revisions"}],"wp:attachment":[{"href":"https:\/\/blogs.amarinha.gal\/ribadeando\/wp-json\/wp\/v2\/media?parent=5188"}],"wp:term":[{"taxonomy":"category","embeddable":true,"href":"https:\/\/blogs.amarinha.gal\/ribadeando\/wp-json\/wp\/v2\/categories?post=5188"},{"taxonomy":"post_tag","embeddable":true,"href":"https:\/\/blogs.amarinha.gal\/ribadeando\/wp-json\/wp\/v2\/tags?post=5188"}],"curies":[{"name":"wp","href":"https:\/\/api.w.org\/{rel}","templated":true}]}}