{"id":5181,"date":"2020-02-19T19:19:00","date_gmt":"2020-02-19T18:19:00","guid":{"rendered":""},"modified":"2024-11-12T13:16:47","modified_gmt":"2024-11-12T12:16:47","slug":"chegan-os-anos-vinte-cun-seculo-de","status":"publish","type":"post","link":"https:\/\/blogs.amarinha.gal\/ribadeando\/2020\/02\/19\/chegan-os-anos-vinte-cun-seculo-de\/","title":{"rendered":"Chegan os anos vinte cun s\u00e9culo de retraso: antroido Ribadeo 2020"},"content":{"rendered":"<p>Ma\u00f1\u00e1 xoves, preg\u00f3n do Antroido  2020. \u00c1s 20:30 horas no Teatro. Pregoeiro: Javier Rivera Ponte, xornalista.<\/p>\n<p>Intervir\u00e1 o Coro do  C. Sagrado Coraz\u00f3n e grupos de cantos de taberna como <em>En faldas y a lo loco<\/em>  e <em>Os da Moncloa<\/em>.<\/p>\n<p>E&#8230; lembra os anos 20 (do s\u00e9culo pasado!)<\/p>\n<p><a href=\"https:\/\/blogger.googleusercontent.com\/img\/b\/R29vZ2xl\/AVvXsEhKjlOjKdWgeqXL4c5iPVmZFegFjtiAIRnLalfTWo2YexedyF7zwgx1vO7eWb3ObWJp15pPwECB949FoKCSYFkoFm9pghM-lMUzcdNWzbDgWAwAjLO5FSZvneYBoK9h7te-yWBFKg\/s2048\/entroido+2020.jpg\" imageanchor=\"1\" style=\"margin-left: 1em; margin-right: 1em;\"><img decoding=\"async\" src=\"https:\/\/blogger.googleusercontent.com\/img\/b\/R29vZ2xl\/AVvXsEhKjlOjKdWgeqXL4c5iPVmZFegFjtiAIRnLalfTWo2YexedyF7zwgx1vO7eWb3ObWJp15pPwECB949FoKCSYFkoFm9pghM-lMUzcdNWzbDgWAwAjLO5FSZvneYBoK9h7te-yWBFKg\/s2048\/entroido+2020.jpg\" \/><\/a><\/p>\n","protected":false},"excerpt":{"rendered":"<p>Ma\u00f1\u00e1 xoves, preg\u00f3n do Antroido 2020. \u00c1s 20:30 horas no Teatro. Pregoeiro: Javier Rivera Ponte, xornalista. Intervir\u00e1 o Coro do C. Sagrado Coraz\u00f3n e grupos de cantos de taberna como En faldas y a lo loco e Os da Moncloa. E&#8230; lembra os anos 20 (do s\u00e9culo pasado!)<\/p>\n","protected":false},"author":3,"featured_media":0,"comment_status":"open","ping_status":"closed","sticky":false,"template":"","format":"standard","meta":{"activitypub_content_warning":"","activitypub_content_visibility":"","activitypub_max_image_attachments":3,"activitypub_interaction_policy_quote":"anyone","activitypub_status":"federated","footnotes":""},"categories":[1],"tags":[25],"class_list":["post-5181","post","type-post","status-publish","format-standard","hentry","category-sen-categoria","tag-festas"],"_links":{"self":[{"href":"https:\/\/blogs.amarinha.gal\/ribadeando\/wp-json\/wp\/v2\/posts\/5181","targetHints":{"allow":["GET"]}}],"collection":[{"href":"https:\/\/blogs.amarinha.gal\/ribadeando\/wp-json\/wp\/v2\/posts"}],"about":[{"href":"https:\/\/blogs.amarinha.gal\/ribadeando\/wp-json\/wp\/v2\/types\/post"}],"author":[{"embeddable":true,"href":"https:\/\/blogs.amarinha.gal\/ribadeando\/wp-json\/wp\/v2\/users\/3"}],"replies":[{"embeddable":true,"href":"https:\/\/blogs.amarinha.gal\/ribadeando\/wp-json\/wp\/v2\/comments?post=5181"}],"version-history":[{"count":0,"href":"https:\/\/blogs.amarinha.gal\/ribadeando\/wp-json\/wp\/v2\/posts\/5181\/revisions"}],"wp:attachment":[{"href":"https:\/\/blogs.amarinha.gal\/ribadeando\/wp-json\/wp\/v2\/media?parent=5181"}],"wp:term":[{"taxonomy":"category","embeddable":true,"href":"https:\/\/blogs.amarinha.gal\/ribadeando\/wp-json\/wp\/v2\/categories?post=5181"},{"taxonomy":"post_tag","embeddable":true,"href":"https:\/\/blogs.amarinha.gal\/ribadeando\/wp-json\/wp\/v2\/tags?post=5181"}],"curies":[{"name":"wp","href":"https:\/\/api.w.org\/{rel}","templated":true}]}}