{"id":5180,"date":"2020-02-24T21:41:00","date_gmt":"2020-02-24T20:41:00","guid":{"rendered":""},"modified":"2024-11-12T13:16:46","modified_gmt":"2024-11-12T12:16:46","slug":"coronavirus-en-eleccions","status":"publish","type":"post","link":"https:\/\/blogs.amarinha.gal\/ribadeando\/2020\/02\/24\/coronavirus-en-eleccions\/","title":{"rendered":"Coronavirus en elecci\u00f3ns"},"content":{"rendered":"<table align=\"center\" cellpadding=\"0\" cellspacing=\"0\" class=\"tr-caption-container\" style=\"margin-left: auto; margin-right: auto; text-align: center;\">\n<tbody>\n<tr>\n<td style=\"text-align: center;\"><a href=\"https:\/\/blogger.googleusercontent.com\/img\/b\/R29vZ2xl\/AVvXsEiacc_SgcMk4ipt_AYE5M3GIhdb0NvEoy3glp5cV7hxzjVOli1PA0R_SbmsPk3qLZXm8w35KUEXSjr6Zk5phpvQb44v9YvFfKfYAtqj9ODI6Kak_cvA4QvRG38aX9RTVjBO0MUFZQ\/s2048\/744px-Coronavirus_replication.png\" imageanchor=\"1\" style=\"margin-left: auto; margin-right: auto;\"><img decoding=\"async\" src=\"https:\/\/blogger.googleusercontent.com\/img\/b\/R29vZ2xl\/AVvXsEiacc_SgcMk4ipt_AYE5M3GIhdb0NvEoy3glp5cV7hxzjVOli1PA0R_SbmsPk3qLZXm8w35KUEXSjr6Zk5phpvQb44v9YvFfKfYAtqj9ODI6Kak_cvA4QvRG38aX9RTVjBO0MUFZQ\/s2048\/744px-Coronavirus_replication.png\" \/><\/a><\/td>\n<\/tr>\n<tr>\n<td class=\"tr-caption\" style=\"text-align: center;\">CC-by-sa 3.0, Obra de Crenim, collido de en.wikipedia.org<\/td>\n<\/tr>\n<\/tbody>\n<\/table>\n<p>Est\u00e1 cantado. O coronavirus ser\u00e1 un factor electoral de primeira magnitude. De agora \u00f3 5 A a s\u00faa importancia aumentar\u00e1 e s\u00f3 queda por saber o seu impacto, baseado na intensidade -non s\u00f3 da enfermidade, sen\u00f3n tam\u00e9n da paranoia ou o simple medo- e na decantaci\u00f3n cara a unhas ideas e opini\u00f3ns sobre as medidas vistas pola xente como mellores ou peores. Iso, en funci\u00f3n tam\u00e9n de como lles afecten de xeito particular, etc, ou outros factores -est\u00e1 por ver que forzas pol\u00edticas rematar\u00e1n asociadas \u00f3 coronavirus e cales se erixir\u00e1n entre a xente como asociadas \u00e1 defensa da sa\u00fade.<\/p>\n<p>O p\u00e1nico \u00e9 xa, hoxe, unha profec\u00eda autocumprida en moitos lugares, e est\u00e9ndese de xeito parello. Coido que peor a\u00ednda que o virus, pois atende menos \u00f3s razoamentos e a prevenci\u00f3n. E os efectos, coido que tampouco ter\u00e1n moito que envidiarlle: o virus mata dun xeito, o p\u00e1nico fai estragos -posibles mortes inclu\u00eddas- de moitos.<\/p>\n<p>O impacto do coronavirus en relaci\u00f3n coas elecci\u00f3ns, evidentemente tam\u00e9n estar\u00e1 asociado \u00e1 evoluci\u00f3n en termos m\u00e9dicos, e non s\u00f3 en Galicia ou Espa\u00f1a, sen\u00f3n a nivel mundial. Pois o mundo ser\u00e1 un espello no que se mirar\u00e1 o que se fai aqu\u00ed. E por suposto, \u2018no medio\u2019, os medios, como axuste entre unha realidade que se transmitir\u00e1 como se non estivese iso, \u2018mediatizada\u2019, e a sociedade, soliviantada ante unha ameaza que non \u00e9 capaz de visualizar en termos relativos. Os medios xa est\u00e1n a esaxerar polo mesmo sistema l\u00f3xico que mant\u00e9n os titulares: m\u00e1is que informe, impacto. \u00c9 dicir, chega con que haxa un grupo con psicose para que esa mesma psicose, ou as consecuencias dela, escalen ata o titular da noticia, propagando a mesma psicose e contaxiando a un maior grupo social, de xeito m\u00e1is eficiente quer a propagaci\u00f3n v\u00edrica. Iso, sen contr coas teor\u00edas sobre ocultaci\u00f3n de datos.<\/p>\n<p>Non, non se sabe a\u00ednda como afectar\u00e1, pero de aqu\u00ed a menos de vinte d\u00edas, comezo de campa\u00f1a electoral, \u00e9 abondo probable que poda afectar \u00f3s desprazamentos dos candidatos, ou \u00e1 realizaci\u00f3n dos m\u00edtins, por non falar dos comentarios sobre a xesti\u00f3n da epidemia \u2013na que a b\u00f3 seguro, a maior\u00eda seremos expertos- ou da xesti\u00f3n do medo cidad\u00e1n -que haber\u00e1 quen tenda a incrementar para aproveitalo-, entre outras posibilidades que haber\u00e1 que considerar. <\/p>\n<p>Mentres, a Organizaci\u00f3n Mundial da Sa\u00fade \u00e1 cabeza doutras instituci\u00f3ns sanitarias tenta dicir que que \u00e9 pouco m\u00e1is grave que a gripe normal. Pero xa que nestes momentos en toda China (pero po\u00f1amos que est\u00e1 concentrado en Wuhan) c\u00f3ntanse 77 000 infectados, e 2500 mortes, para unha poboaci\u00f3n (Wuhan) de 8 mill\u00f3ns de habitantes, podemos visualizar que \u00e9 algo as\u00ed como se en Ribadeo se contasen 100 casos e catro mortes nestes dous meses. En Ribadeo, en 2 meses, morren de media 23 persoas, e m\u00e1is no inverno&#8230; Si, \u00e9 grave, e calquera pode verse afectado, con peor progn\u00f3stico para a xente maior, e evidentemente non me gustar\u00eda que me afectara, e hai que po\u00f1er medidas tan sinxelas como lavar as mans, pero te\u00f1o abondas m\u00e1is probabilidades de morrer doutra cousa.<\/p>\n<p>E, nuns dias, a campa\u00f1a electoral ter\u00e1 un ingrediente inesperado hai un par de meses (ben, daquela tampouco sab\u00edamos da campa\u00f1a en marzo)<\/p>\n","protected":false},"excerpt":{"rendered":"<p>CC-by-sa 3.0, Obra de Crenim, collido de en.wikipedia.org Est\u00e1 cantado. O coronavirus ser\u00e1 un factor electoral de primeira magnitude. De agora \u00f3 5 A a s\u00faa importancia aumentar\u00e1 e s\u00f3 queda por saber o seu impacto, baseado na intensidade -non s\u00f3 da enfermidade, sen\u00f3n tam\u00e9n da paranoia ou o simple medo- e na decantaci\u00f3n cara [&hellip;]<\/p>\n","protected":false},"author":3,"featured_media":0,"comment_status":"open","ping_status":"closed","sticky":false,"template":"","format":"standard","meta":{"activitypub_content_warning":"","activitypub_content_visibility":"","activitypub_max_image_attachments":3,"activitypub_interaction_policy_quote":"anyone","activitypub_status":"federated","footnotes":""},"categories":[1],"tags":[75,48,9],"class_list":["post-5180","post","type-post","status-publish","format-standard","hentry","category-sen-categoria","tag-coronavirus","tag-eleccions","tag-sociedade"],"_links":{"self":[{"href":"https:\/\/blogs.amarinha.gal\/ribadeando\/wp-json\/wp\/v2\/posts\/5180","targetHints":{"allow":["GET"]}}],"collection":[{"href":"https:\/\/blogs.amarinha.gal\/ribadeando\/wp-json\/wp\/v2\/posts"}],"about":[{"href":"https:\/\/blogs.amarinha.gal\/ribadeando\/wp-json\/wp\/v2\/types\/post"}],"author":[{"embeddable":true,"href":"https:\/\/blogs.amarinha.gal\/ribadeando\/wp-json\/wp\/v2\/users\/3"}],"replies":[{"embeddable":true,"href":"https:\/\/blogs.amarinha.gal\/ribadeando\/wp-json\/wp\/v2\/comments?post=5180"}],"version-history":[{"count":0,"href":"https:\/\/blogs.amarinha.gal\/ribadeando\/wp-json\/wp\/v2\/posts\/5180\/revisions"}],"wp:attachment":[{"href":"https:\/\/blogs.amarinha.gal\/ribadeando\/wp-json\/wp\/v2\/media?parent=5180"}],"wp:term":[{"taxonomy":"category","embeddable":true,"href":"https:\/\/blogs.amarinha.gal\/ribadeando\/wp-json\/wp\/v2\/categories?post=5180"},{"taxonomy":"post_tag","embeddable":true,"href":"https:\/\/blogs.amarinha.gal\/ribadeando\/wp-json\/wp\/v2\/tags?post=5180"}],"curies":[{"name":"wp","href":"https:\/\/api.w.org\/{rel}","templated":true}]}}