{"id":5172,"date":"2020-03-13T13:42:00","date_gmt":"2020-03-13T12:42:00","guid":{"rendered":""},"modified":"2024-11-12T13:16:32","modified_gmt":"2024-11-12T12:16:32","slug":"bando-da-alcadia-sobre-pandemia","status":"publish","type":"post","link":"https:\/\/blogs.amarinha.gal\/ribadeando\/2020\/03\/13\/bando-da-alcadia-sobre-pandemia\/","title":{"rendered":"Bando da alcad\u00eda sobre a pandemia"},"content":{"rendered":"<p>Por se acaso a\u00ednda non o viu algu\u00e9n:<\/p>\n<p><a href=\"https:\/\/blogger.googleusercontent.com\/img\/b\/R29vZ2xl\/AVvXsEiyj8ERbryoAuRsQ31NfR1XhEvtU2msKRCcYGhDt_eo_6ZINekWvBD0EIyMePLJO6EKC9LwNljvUdMATuXmy9ile57p3aqcJqV1MDZU9VUCKn_Zjvr8G080UG2kFsyIWmI_luLkHg\/s2048\/bando+alcald%25C3%25ADa+ribadeo+20200313_1.jpeg\" imageanchor=\"1\" style=\"margin-left: 1em; margin-right: 1em;\"><img decoding=\"async\" src=\"https:\/\/blogger.googleusercontent.com\/img\/b\/R29vZ2xl\/AVvXsEiyj8ERbryoAuRsQ31NfR1XhEvtU2msKRCcYGhDt_eo_6ZINekWvBD0EIyMePLJO6EKC9LwNljvUdMATuXmy9ile57p3aqcJqV1MDZU9VUCKn_Zjvr8G080UG2kFsyIWmI_luLkHg\/s2048\/bando+alcald%25C3%25ADa+ribadeo+20200313_1.jpeg\" \/><\/a><\/p>\n<p><a href=\"https:\/\/blogger.googleusercontent.com\/img\/b\/R29vZ2xl\/AVvXsEgCyiboqh5zOIy1aKiEB-vILzqWrWnJSTvsqR0KIywNDJ_WRsWlBt8_OeiLASMBbolOP0-zGpNwqXDSoYnf1K-DRfMs84oHzxBIRtn0aQR5idblZmVlb3lKSgZ9SJsnVjI1tQMWRg\/s2048\/bando+alcald%25C3%25ADa+ribadeo+20200313_2.jpeg\" imageanchor=\"1\" style=\"margin-left: 1em; margin-right: 1em;\"><img decoding=\"async\" src=\"https:\/\/blogger.googleusercontent.com\/img\/b\/R29vZ2xl\/AVvXsEgCyiboqh5zOIy1aKiEB-vILzqWrWnJSTvsqR0KIywNDJ_WRsWlBt8_OeiLASMBbolOP0-zGpNwqXDSoYnf1K-DRfMs84oHzxBIRtn0aQR5idblZmVlb3lKSgZ9SJsnVjI1tQMWRg\/s2048\/bando+alcald%25C3%25ADa+ribadeo+20200313_2.jpeg\" \/><\/a><\/p>\n","protected":false},"excerpt":{"rendered":"<p>Por se acaso a\u00ednda non o viu algu\u00e9n:<\/p>\n","protected":false},"author":3,"featured_media":0,"comment_status":"open","ping_status":"closed","sticky":false,"template":"","format":"standard","meta":{"activitypub_content_warning":"","activitypub_content_visibility":"","activitypub_max_image_attachments":3,"activitypub_interaction_policy_quote":"anyone","activitypub_status":"federated","footnotes":""},"categories":[1],"tags":[75,27,9],"class_list":["post-5172","post","type-post","status-publish","format-standard","hentry","category-sen-categoria","tag-coronavirus","tag-sanidade","tag-sociedade"],"_links":{"self":[{"href":"https:\/\/blogs.amarinha.gal\/ribadeando\/wp-json\/wp\/v2\/posts\/5172","targetHints":{"allow":["GET"]}}],"collection":[{"href":"https:\/\/blogs.amarinha.gal\/ribadeando\/wp-json\/wp\/v2\/posts"}],"about":[{"href":"https:\/\/blogs.amarinha.gal\/ribadeando\/wp-json\/wp\/v2\/types\/post"}],"author":[{"embeddable":true,"href":"https:\/\/blogs.amarinha.gal\/ribadeando\/wp-json\/wp\/v2\/users\/3"}],"replies":[{"embeddable":true,"href":"https:\/\/blogs.amarinha.gal\/ribadeando\/wp-json\/wp\/v2\/comments?post=5172"}],"version-history":[{"count":0,"href":"https:\/\/blogs.amarinha.gal\/ribadeando\/wp-json\/wp\/v2\/posts\/5172\/revisions"}],"wp:attachment":[{"href":"https:\/\/blogs.amarinha.gal\/ribadeando\/wp-json\/wp\/v2\/media?parent=5172"}],"wp:term":[{"taxonomy":"category","embeddable":true,"href":"https:\/\/blogs.amarinha.gal\/ribadeando\/wp-json\/wp\/v2\/categories?post=5172"},{"taxonomy":"post_tag","embeddable":true,"href":"https:\/\/blogs.amarinha.gal\/ribadeando\/wp-json\/wp\/v2\/tags?post=5172"}],"curies":[{"name":"wp","href":"https:\/\/api.w.org\/{rel}","templated":true}]}}