{"id":5171,"date":"2020-03-16T11:15:00","date_gmt":"2020-03-16T10:15:00","guid":{"rendered":""},"modified":"2024-11-12T13:16:30","modified_gmt":"2024-11-12T12:16:30","slug":"anticipate-recuperacion","status":"publish","type":"post","link":"https:\/\/blogs.amarinha.gal\/ribadeando\/2020\/03\/16\/anticipate-recuperacion\/","title":{"rendered":"Antic\u00edpate \u00e1 recuperaci\u00f3n"},"content":{"rendered":"<p>A \u00faltima persoa que vin na r\u00faa o s\u00e1bado pola ma\u00f1\u00e1 cedo, antes de non volver sa\u00edr pola corentena, foi un mendigo. A confusi\u00f3n de sentementos que experimentei \u00e9 dif\u00edcil de transmitir.<\/p>\n<p>Comezo a escribir isto no d\u00eda en que se ten proclamado o \u201cestado \u2018de alarma\u2019\u201d en Espa\u00f1a, despois de tres d\u00edas de pandemia oficial ou da alarma anterior de moita xente e antes de que remate a irresponsabilidade de outra. Nestes momentos, Espa\u00f1a xa \u00e9 o cuarto pa\u00eds en mortes, e escala rapidamente para selo tam\u00e9n en afectados. Os pa\u00edses que cadran por riba na t\u00e1boa te\u00f1en todos m\u00e1is poboaci\u00f3n. E tiveron menos tempo para prepararse. <\/p>\n<p>Pasou a noite. Mentres, xa te\u00f1o visto v\u00eddeos dalgunhas zonas coa xente nas terrazas ateigadas despois de que se promulgara a alarma e antes de que comezara actuar a polic\u00eda. E, en Ribadeo, unha rec\u00e9n chegada do sur dicindo cousas como \u2018Onte f\u00edxenme o recorrido dende Sevilla e non vin Guardia civil ningunha. E al\u00ed non hai este temor&#8230;\u2019 E, despois, te\u00f1o pensado que actuei mal: debera terlle dito \u00e1 tal se\u00f1ora algo para tentar concienciala. Lograr\u00eda algo? Pode que s\u00f3 contribu\u00edra. As\u00ed, s\u00f3 logrei que a dependenta tivera que aguantala a continuaci\u00f3n.<\/p>\n<p>Que Espa\u00f1a \u00e9 o pa\u00eds onde agora mesmo a curva de medre da pandemia \u00e9 m\u00e1is inclinada? Pois si, porque de momento, Espa\u00f1a somos todos. Os que quedamos na casa, quenes te\u00f1en que sa\u00edr traballar con m\u00e1is ou menos exposici\u00f3n, e os irresponsables. <\/p>\n<p>Pasou o d\u00eda. Oigo limpar as r\u00faas, e mentres, ch\u00e9ganme novas de multas por sa\u00edr correr. Parece un pouco de improvisaci\u00f3n, con perruquer\u00edas que abririr\u00edan, pero logo, non. E penso que isto se poder\u00eda ter levado moito mellor. Pero tam\u00e9n que a mesma improvisaci\u00f3n e adaptaci\u00f3n que estamos a ter e sufrir cada un de n\u00f3s reprod\u00facese a outros niveis e escalas. Que non debera? &#8230; pois sempre hai alg\u00fans que o levamos mellor (iso penso), e outros, peor, pero todos cometemos fallos. Alg\u00fans, \u2018para darnos de tortas n\u00f3s mesmos\u2019, pero soemos ser m\u00e1is indulxentes connosco que con outros, sobre todo que con aqueles que sabemos que nos caen m\u00e1is  desm\u00e1n, m\u00e1is \u2018lonxe\u2019 ou m\u00e1is impotentes.<\/p>\n<p>Hai xa tres semanas que publiquei \u2018<a href=\"https:\/\/blogs.amarinha.gal\/ribadeando\/2020\/02\/coronavirus-en-eleccions.html\" target=\"_blank\" rel=\"noopener\">coronavirus en elecci\u00f3ns<\/a>\u2019. Sigo a pensar o mesmo, a\u00ednda que a gravidade da situaci\u00f3n \u00e9 maior do que esperaba por estas datas. E mentres, a vida transcorre e de aqu\u00ed ata que remate a corentena seguro que para todos van cambiar cousas. Para alg\u00fans, moitas, ata a morte. Para outros, menos. Seguiremos a ver inxusticias na recuperaci\u00f3n, pero de aqu\u00ed al\u00f3 imos ter algo de tempo para cavilar sobre a nosa vida, as bondades de ter unha sociedade forte ou un sistema comunitario de servizos e m\u00e1is, inclu\u00eddos os chanchullos na Casa Real. Con calma.<\/p>\n","protected":false},"excerpt":{"rendered":"<p>A \u00faltima persoa que vin na r\u00faa o s\u00e1bado pola ma\u00f1\u00e1 cedo, antes de non volver sa\u00edr pola corentena, foi un mendigo. A confusi\u00f3n de sentementos que experimentei \u00e9 dif\u00edcil de transmitir. Comezo a escribir isto no d\u00eda en que se ten proclamado o \u201cestado \u2018de alarma\u2019\u201d en Espa\u00f1a, despois de tres d\u00edas de pandemia [&hellip;]<\/p>\n","protected":false},"author":3,"featured_media":0,"comment_status":"open","ping_status":"closed","sticky":false,"template":"","format":"standard","meta":{"activitypub_content_warning":"","activitypub_content_visibility":"","activitypub_max_image_attachments":3,"activitypub_interaction_policy_quote":"anyone","activitypub_status":"federated","footnotes":""},"categories":[1],"tags":[75,27,9],"class_list":["post-5171","post","type-post","status-publish","format-standard","hentry","category-sen-categoria","tag-coronavirus","tag-sanidade","tag-sociedade"],"_links":{"self":[{"href":"https:\/\/blogs.amarinha.gal\/ribadeando\/wp-json\/wp\/v2\/posts\/5171","targetHints":{"allow":["GET"]}}],"collection":[{"href":"https:\/\/blogs.amarinha.gal\/ribadeando\/wp-json\/wp\/v2\/posts"}],"about":[{"href":"https:\/\/blogs.amarinha.gal\/ribadeando\/wp-json\/wp\/v2\/types\/post"}],"author":[{"embeddable":true,"href":"https:\/\/blogs.amarinha.gal\/ribadeando\/wp-json\/wp\/v2\/users\/3"}],"replies":[{"embeddable":true,"href":"https:\/\/blogs.amarinha.gal\/ribadeando\/wp-json\/wp\/v2\/comments?post=5171"}],"version-history":[{"count":0,"href":"https:\/\/blogs.amarinha.gal\/ribadeando\/wp-json\/wp\/v2\/posts\/5171\/revisions"}],"wp:attachment":[{"href":"https:\/\/blogs.amarinha.gal\/ribadeando\/wp-json\/wp\/v2\/media?parent=5171"}],"wp:term":[{"taxonomy":"category","embeddable":true,"href":"https:\/\/blogs.amarinha.gal\/ribadeando\/wp-json\/wp\/v2\/categories?post=5171"},{"taxonomy":"post_tag","embeddable":true,"href":"https:\/\/blogs.amarinha.gal\/ribadeando\/wp-json\/wp\/v2\/tags?post=5171"}],"curies":[{"name":"wp","href":"https:\/\/api.w.org\/{rel}","templated":true}]}}