{"id":5170,"date":"2020-03-19T13:03:00","date_gmt":"2020-03-19T12:03:00","guid":{"rendered":""},"modified":"2024-11-12T13:16:29","modified_gmt":"2024-11-12T12:16:29","slug":"un-antes-e-un-despois","status":"publish","type":"post","link":"https:\/\/blogs.amarinha.gal\/ribadeando\/2020\/03\/19\/un-antes-e-un-despois\/","title":{"rendered":"Un antes e un despois. Por Pablo Mosquera"},"content":{"rendered":"<p>Malia ter &#8220;antenas epidemiol\u00f3gicas&#8221; que nos avisan para a chegada de novas-vellas epidemias c\u00edclicas, estamos ante unha crise con tres alicerces: Pandemia-P\u00e1nico-Crack econ\u00f3mico. Supo\u00f1o que a estas alturas se co\u00f1ece perfectamente a cadea epidemiol\u00f3xica do fen\u00f3meno. Desde o &#8220;presunto&#8221; reservorio, a estrutura do axente causal, os mecanismos de transmisi\u00f3n, os suxeitos sans susceptibles de infectarse ou padecelo, o cadro cl\u00ednico dos enfermos coas s\u00faaus complicaci\u00f3ns, as previsi\u00f3ns no tempo, e o m\u00e1is importante: como se adquire a inmunidade fronte ao virus.<\/p>\n<p>Debemos obedecer e confiar no sistema de asistencia sanitaria social integrado e<\/p>\n<p>integral. Son quenes deben patronear o buque ante a tormenta perfecta que estamos sufrindo. Disto as xentes de mar, saben moito.<\/p>\n<p>Da Pandemia sairemos. Do batacazo econ\u00f3mico e laboral, xa veremos. Sobre todo<\/p>\n<p>se os pa\u00edses como Alemania non axudan. Sobre todo se a UE e as s\u00faas &#8220;terror\u00edficas&#8221; FMI-BCE-Consello, non cambian de modelo. E \u00e9 que algo nos di que o sistema esgotouse. Que a Europa dos mercadores e do euro, ter\u00e1 que &#8220;facerllo mirar&#8221;. Sen liquidez, sen ingresos extraordinarios, sen tecido laboral baseado en pequenas e medianas empresas, podemos caer na pandemia da pobreza.<\/p>\n<p>Galicia sabe de illamentos. As nosas xentes foron por necesidade supervivintes.<\/p>\n<p>Aquela autoxesti\u00f3n econ\u00f3mica das familias. Desde o fogar, val\u00e9ronse da terra,<\/p>\n<p>a pesca, a masa forestal, a gandeir\u00eda e os animais de pequenas granxas. A<\/p>\n<p>soberbia industrial case remata co sector primario. Agora para despois, haber\u00e1 que declaralo estrat\u00e9xico. Estimulalo e protexelo, sen intromisi\u00f3ns de tratados que xa non serven. A nosa autoproduci\u00f3n volver\u00e1 dar vida a as parroquias. Sucedeu durante as guerras. Serviu para paliar as necesidades alimentarias naqueles anos nos que o sistema viuse abaixo.<\/p>\n<p>Teremos que darlle m\u00e1is importancia a un m\u00e9dico ou a unha enfermeira, que a<\/p>\n<p>un futbolista. Haber\u00e1 que protexer antes os hospitais ou centros de sa\u00fade, que<\/p>\n<p>espect\u00e1culos, concertos, reuni\u00f3ns masivas. Valoraremos as aldeas. Cambiaremos<\/p>\n<p>as nosas formas de vida. Retrocederemos para avanzar, repudiando a eses mercados globais. Daremos prioridade ao coidado das nosas xentes, antes que recortar os orzamentos que garanten a ciencia. Regresaremos ao humanismo. En tal debe consistir o novo Renacemento.<\/p>\n<p>As pequenas empresas ser\u00e1n o noso tecido de abastecementos &#8211; aquelas que desprezamos- E como dic\u00eda o meu amigo C\u00e1ndido Rei Camba. &#8220;Sempre nos quedar\u00e1 o mar&#8221;<\/p>\n","protected":false},"excerpt":{"rendered":"<p>Malia ter &#8220;antenas epidemiol\u00f3gicas&#8221; que nos avisan para a chegada de novas-vellas epidemias c\u00edclicas, estamos ante unha crise con tres alicerces: Pandemia-P\u00e1nico-Crack econ\u00f3mico. Supo\u00f1o que a estas alturas se co\u00f1ece perfectamente a cadea epidemiol\u00f3xica do fen\u00f3meno. Desde o &#8220;presunto&#8221; reservorio, a estrutura do axente causal, os mecanismos de transmisi\u00f3n, os suxeitos sans susceptibles de infectarse [&hellip;]<\/p>\n","protected":false},"author":3,"featured_media":0,"comment_status":"open","ping_status":"closed","sticky":false,"template":"","format":"standard","meta":{"activitypub_content_warning":"","activitypub_content_visibility":"","activitypub_max_image_attachments":3,"activitypub_interaction_policy_quote":"anyone","activitypub_status":"federated","footnotes":""},"categories":[1],"tags":[75,14],"class_list":["post-5170","post","type-post","status-publish","format-standard","hentry","category-sen-categoria","tag-coronavirus","tag-pablo-mosquera"],"_links":{"self":[{"href":"https:\/\/blogs.amarinha.gal\/ribadeando\/wp-json\/wp\/v2\/posts\/5170","targetHints":{"allow":["GET"]}}],"collection":[{"href":"https:\/\/blogs.amarinha.gal\/ribadeando\/wp-json\/wp\/v2\/posts"}],"about":[{"href":"https:\/\/blogs.amarinha.gal\/ribadeando\/wp-json\/wp\/v2\/types\/post"}],"author":[{"embeddable":true,"href":"https:\/\/blogs.amarinha.gal\/ribadeando\/wp-json\/wp\/v2\/users\/3"}],"replies":[{"embeddable":true,"href":"https:\/\/blogs.amarinha.gal\/ribadeando\/wp-json\/wp\/v2\/comments?post=5170"}],"version-history":[{"count":0,"href":"https:\/\/blogs.amarinha.gal\/ribadeando\/wp-json\/wp\/v2\/posts\/5170\/revisions"}],"wp:attachment":[{"href":"https:\/\/blogs.amarinha.gal\/ribadeando\/wp-json\/wp\/v2\/media?parent=5170"}],"wp:term":[{"taxonomy":"category","embeddable":true,"href":"https:\/\/blogs.amarinha.gal\/ribadeando\/wp-json\/wp\/v2\/categories?post=5170"},{"taxonomy":"post_tag","embeddable":true,"href":"https:\/\/blogs.amarinha.gal\/ribadeando\/wp-json\/wp\/v2\/tags?post=5170"}],"curies":[{"name":"wp","href":"https:\/\/api.w.org\/{rel}","templated":true}]}}