{"id":5168,"date":"2020-03-21T17:00:00","date_gmt":"2020-03-21T16:00:00","guid":{"rendered":""},"modified":"2024-11-12T13:16:26","modified_gmt":"2024-11-12T12:16:26","slug":"orde-de-medidas-para-residencias-e","status":"publish","type":"post","link":"https:\/\/blogs.amarinha.gal\/ribadeando\/2020\/03\/21\/orde-de-medidas-para-residencias-e\/","title":{"rendered":"Orde de medidas para Residencias e Centros Socio-sanitarios ante o COVI-19"},"content":{"rendered":"<p>Adxunto o texto do BOE en relaci\u00f3n a medidas nas Residencias e centros socio-sanitarios por mor do COVID-19. En .jpg, e m\u00e1is abaixo, d\u00faas ligaz\u00f3ns na web:<\/p>\n<p><a href=\"https:\/\/blogger.googleusercontent.com\/img\/b\/R29vZ2xl\/AVvXsEgqoRMmbmU0w1D3u-t4QKBdxVt7eksJ7TFD9FMWbADPCIlyGZNhYDt2TDdOvvyGw9IIGkhIbnVKzkcCEPo4OoAY5i5VexGj-YLVslSA4vvAiQ78USVwWS2Z4DEbOGQDspfugkm4xw\/s2048\/BOE-A-2020-3951_1.jpg\" imageanchor=\"1\" style=\"margin-left: 1em; margin-right: 1em;\"><img decoding=\"async\" src=\"https:\/\/blogger.googleusercontent.com\/img\/b\/R29vZ2xl\/AVvXsEgqoRMmbmU0w1D3u-t4QKBdxVt7eksJ7TFD9FMWbADPCIlyGZNhYDt2TDdOvvyGw9IIGkhIbnVKzkcCEPo4OoAY5i5VexGj-YLVslSA4vvAiQ78USVwWS2Z4DEbOGQDspfugkm4xw\/s2048\/BOE-A-2020-3951_1.jpg\" \/><\/a><\/p>\n<p><a href=\"https:\/\/blogger.googleusercontent.com\/img\/b\/R29vZ2xl\/AVvXsEheBbJl-l9PlKixJzE9j05UJ1DAhtduxLMqPS9g91l2IbMbKa_u-HTSzKbfDrzYe5kq8eOQdGdQ9zpej2mLTMBumY5ajFCW8d0hyBlI6pkxacTS12WL4J7XNLMRtFuP0hDFLduzCA\/s2048\/BOE-A-2020-3951_2.jpg\" imageanchor=\"1\" style=\"margin-left: 1em; margin-right: 1em;\"><img decoding=\"async\" src=\"https:\/\/blogger.googleusercontent.com\/img\/b\/R29vZ2xl\/AVvXsEheBbJl-l9PlKixJzE9j05UJ1DAhtduxLMqPS9g91l2IbMbKa_u-HTSzKbfDrzYe5kq8eOQdGdQ9zpej2mLTMBumY5ajFCW8d0hyBlI6pkxacTS12WL4J7XNLMRtFuP0hDFLduzCA\/s2048\/BOE-A-2020-3951_2.jpg\" \/><\/a><\/p>\n<p><a href=\"https:\/\/blogger.googleusercontent.com\/img\/b\/R29vZ2xl\/AVvXsEjGOrdWguJueP24GqdqZTbnewfCJOIbFXh4789WnqerUuQuMPtHJo7zvHSlsT1z-Si45LwNH66SGTWEXSIJD2if9JTY4WwY_7EdZLC1xn0ZmexX7ChriotfM_wgcjJIjisc7doqXA\/s2048\/BOE-A-2020-3951_3.jpg\" imageanchor=\"1\" style=\"margin-left: 1em; margin-right: 1em;\"><img decoding=\"async\" src=\"https:\/\/blogger.googleusercontent.com\/img\/b\/R29vZ2xl\/AVvXsEjGOrdWguJueP24GqdqZTbnewfCJOIbFXh4789WnqerUuQuMPtHJo7zvHSlsT1z-Si45LwNH66SGTWEXSIJD2if9JTY4WwY_7EdZLC1xn0ZmexX7ChriotfM_wgcjJIjisc7doqXA\/s2048\/BOE-A-2020-3951_3.jpg\" \/><\/a><\/p>\n<p><a href=\"https:\/\/blogger.googleusercontent.com\/img\/b\/R29vZ2xl\/AVvXsEgq7-mpDYsO2yPhD4HdMO49W7uTQ8eDQRNu-m8h-W1lrmtAd1UzgWntQYX9CjOOZk2eHMkNjGNVVqa298Cyl_PK-2hpfVQcfwcxiGKa56wyubbKOfJ1OhA9eWrBYVxaVE1HK21EWg\/s2048\/BOE-A-2020-3951_4.jpg\" imageanchor=\"1\" style=\"margin-left: 1em; margin-right: 1em;\"><img decoding=\"async\" src=\"https:\/\/blogger.googleusercontent.com\/img\/b\/R29vZ2xl\/AVvXsEgq7-mpDYsO2yPhD4HdMO49W7uTQ8eDQRNu-m8h-W1lrmtAd1UzgWntQYX9CjOOZk2eHMkNjGNVVqa298Cyl_PK-2hpfVQcfwcxiGKa56wyubbKOfJ1OhA9eWrBYVxaVE1HK21EWg\/s2048\/BOE-A-2020-3951_4.jpg\" \/><\/a><\/p>\n<p><a href=\"https:\/\/boe.es\/buscar\/doc.php?id=BOE-A-2020-3951\" target=\"_blank\" rel=\"noopener\">Ligaz\u00f3n no BOE<\/a>.<\/p>\n<p>Ligaz\u00f3n <a href=\"https:\/\/issuu.com\/agremon\/docs\/boe-a-2020-3951\" target=\"_blank\" rel=\"noopener\">cargada por min en Issuu<\/a>.<\/p>\n","protected":false},"excerpt":{"rendered":"<p>Adxunto o texto do BOE en relaci\u00f3n a medidas nas Residencias e centros socio-sanitarios por mor do COVID-19. En .jpg, e m\u00e1is abaixo, d\u00faas ligaz\u00f3ns na web: Ligaz\u00f3n no BOE. Ligaz\u00f3n cargada por min en Issuu.<\/p>\n","protected":false},"author":3,"featured_media":0,"comment_status":"open","ping_status":"closed","sticky":false,"template":"","format":"standard","meta":{"activitypub_content_warning":"","activitypub_content_visibility":"","activitypub_max_image_attachments":3,"activitypub_interaction_policy_quote":"anyone","activitypub_status":"federated","footnotes":""},"categories":[1],"tags":[75,64],"class_list":["post-5168","post","type-post","status-publish","format-standard","hentry","category-sen-categoria","tag-coronavirus","tag-residencia"],"_links":{"self":[{"href":"https:\/\/blogs.amarinha.gal\/ribadeando\/wp-json\/wp\/v2\/posts\/5168","targetHints":{"allow":["GET"]}}],"collection":[{"href":"https:\/\/blogs.amarinha.gal\/ribadeando\/wp-json\/wp\/v2\/posts"}],"about":[{"href":"https:\/\/blogs.amarinha.gal\/ribadeando\/wp-json\/wp\/v2\/types\/post"}],"author":[{"embeddable":true,"href":"https:\/\/blogs.amarinha.gal\/ribadeando\/wp-json\/wp\/v2\/users\/3"}],"replies":[{"embeddable":true,"href":"https:\/\/blogs.amarinha.gal\/ribadeando\/wp-json\/wp\/v2\/comments?post=5168"}],"version-history":[{"count":0,"href":"https:\/\/blogs.amarinha.gal\/ribadeando\/wp-json\/wp\/v2\/posts\/5168\/revisions"}],"wp:attachment":[{"href":"https:\/\/blogs.amarinha.gal\/ribadeando\/wp-json\/wp\/v2\/media?parent=5168"}],"wp:term":[{"taxonomy":"category","embeddable":true,"href":"https:\/\/blogs.amarinha.gal\/ribadeando\/wp-json\/wp\/v2\/categories?post=5168"},{"taxonomy":"post_tag","embeddable":true,"href":"https:\/\/blogs.amarinha.gal\/ribadeando\/wp-json\/wp\/v2\/tags?post=5168"}],"curies":[{"name":"wp","href":"https:\/\/api.w.org\/{rel}","templated":true}]}}