{"id":5165,"date":"2020-03-22T18:36:00","date_gmt":"2020-03-22T17:36:00","guid":{"rendered":""},"modified":"2024-11-12T13:16:20","modified_gmt":"2024-11-12T12:16:20","slug":"que-facer-en-tal-situacion-por-pablo","status":"publish","type":"post","link":"https:\/\/blogs.amarinha.gal\/ribadeando\/2020\/03\/22\/que-facer-en-tal-situacion-por-pablo\/","title":{"rendered":"\u00a1Que facer en tal situaci\u00f3n! Por Pablo Mosquera"},"content":{"rendered":"<p><a href=\"https:\/\/blogger.googleusercontent.com\/img\/b\/R29vZ2xl\/AVvXsEiqmqqqSx4RyjgmYOm7UzjeCeT2P2ZyJKcV6X_Dy0H8HPW7uhx9yNxzgobqJBnANBLh21s4hYhmk_D2-XMetoufyQClThfdoJotNEZ7_Cz4Ix9IoiDOy12wIZXuYoYJ_PNaHbM0CA\/s2048\/Caste.jpg\" imageanchor=\"1\" style=\"margin-left: 1em; margin-right: 1em;\"><img loading=\"lazy\" decoding=\"async\" height=\"640\" src=\"https:\/\/blogger.googleusercontent.com\/img\/b\/R29vZ2xl\/AVvXsEiqmqqqSx4RyjgmYOm7UzjeCeT2P2ZyJKcV6X_Dy0H8HPW7uhx9yNxzgobqJBnANBLh21s4hYhmk_D2-XMetoufyQClThfdoJotNEZ7_Cz4Ix9IoiDOy12wIZXuYoYJ_PNaHbM0CA\/s2048\/Caste.jpg\" width=\"480\" \/><\/a><\/p>\n<p>&nbsp;&nbsp; Non perder a serenidade. Explic\u00e1banos Vallejo N\u00e1jera naquela Complutense dos anos 60. Intelixencia \u00e9 saber adaptarse aos cambios imprevistos. A angustia \u00e9 o medo \u00f3 desco\u00f1ecido, que traduce dous comportamentos patol\u00f3xicos: a s\u00edndrome do Camale\u00f3n -par\u00e1lise- e a tempestade de movementos.<\/p>\n<p>&nbsp; Po\u00f1er en orde pensamentos, condutas, contorna. Esta sociedade con pr\u00e9sas obr\u00edganos a esquecer ou deixar pendentes cantidade de cuesti\u00f3ns. Os que seguimos &#8220;enganchados&#8221; \u00e1 filosof\u00eda podemos ser tanto ou m\u00e1is \u00fatis que eses matem\u00e1ticos que calculan probabilidades. De paso, e como me dic\u00eda <a href=\"https:\/\/blogs.amarinha.gal\/ribadeando\/search?q=Carlos+Nuevo\" target=\"_blank\" rel=\"noopener\">Carlos Novo Cal<\/a>, tempo para ordenar arquivos.<\/p>\n<p>&nbsp;&nbsp; Volver \u00e1 m\u00fasica e lecturas, deixando no esquecemento esa televisi\u00f3n que, agora m\u00e1is ca nunca descubrimos, non educa, non informa, non entret\u00e9n. Manip\u00falanos. Conv\u00e9rtenos en adictos amaestrados. Imponnos silencios cando o m\u00e1is terap\u00e9utico segue sendo a conversaci\u00f3n. Ler o papel impreso. Escoitar temas como &#8220;O canto dos escravos&#8221; de Nabucco. Ou eses poetas musicalizados que axudaron a popularizar a Benedetti, Neruda e desde logo \u00f3s nosos: Cunqueiro, Rosal\u00eda, Curros, Celso Emilio&#8230;<\/p>\n<p>&nbsp;&nbsp; Repasar os \u00e1lbumes que nos transportan ao pasado, nos conectan con persoas, momentos, instantes que case esqueceramos, e que son a ilustraci\u00f3n de cada historia vital, onde como bos galegos, os ausentes sempre deben estar presentes, sen esperar datas Celtas cristianizadas ou comercializadas.<\/p>\n<p>&nbsp;&nbsp; Xa sei que a convivencia \u00e9 o segredo mellor gardado para a humanidade. Pero podemos recuperar esa ciencia ou arte no espazo do fogar. Si, \u00a1volvemos a descubrir que existe o fogar!. Con todo o que nos est\u00e1 pasando hai tres feitos que deberiamos aprender.<\/p>\n<p>&nbsp;&nbsp; Relativizar o que temos ante a posibilidade de perdelo. Facernos \u00e1 idea que como tantas outras veces na historia, teremos que retroceder, renunciar, reciclar as nosas vidas, ante as carencias que de seguro nos agardan. Cambiar para sobre vivir, o que nos achegar\u00e1 m\u00e1is cara a ese terceiro mundo que desprezamos ou tan s\u00f3 tratamos con certas condutas temporalmente xenerosas a inventario de cubrir as aparencias solidarias.<\/p>\n<p>&nbsp; Non me cansarei de repetilo. Desde as nosas parroquias, nesta nai Galicia, fagamos o que debemos, pensando en como podemos ser \u00fatis ao pa\u00eds, sen esperar aos profetas ou mandarines que son meros charlatanes. Demostremos que ser galegos sup\u00f3n unha f\u00f3rmula moi sabia de estar no mundo<\/p>\n","protected":false},"excerpt":{"rendered":"<p>&nbsp;&nbsp; Non perder a serenidade. Explic\u00e1banos Vallejo N\u00e1jera naquela Complutense dos anos 60. Intelixencia \u00e9 saber adaptarse aos cambios imprevistos. A angustia \u00e9 o medo \u00f3 desco\u00f1ecido, que traduce dous comportamentos patol\u00f3xicos: a s\u00edndrome do Camale\u00f3n -par\u00e1lise- e a tempestade de movementos. &nbsp; Po\u00f1er en orde pensamentos, condutas, contorna. Esta sociedade con pr\u00e9sas obr\u00edganos a [&hellip;]<\/p>\n","protected":false},"author":3,"featured_media":0,"comment_status":"open","ping_status":"closed","sticky":false,"template":"","format":"standard","meta":{"activitypub_content_warning":"","activitypub_content_visibility":"","activitypub_max_image_attachments":3,"activitypub_interaction_policy_quote":"anyone","activitypub_status":"federated","footnotes":""},"categories":[1],"tags":[75,14],"class_list":["post-5165","post","type-post","status-publish","format-standard","hentry","category-sen-categoria","tag-coronavirus","tag-pablo-mosquera"],"_links":{"self":[{"href":"https:\/\/blogs.amarinha.gal\/ribadeando\/wp-json\/wp\/v2\/posts\/5165","targetHints":{"allow":["GET"]}}],"collection":[{"href":"https:\/\/blogs.amarinha.gal\/ribadeando\/wp-json\/wp\/v2\/posts"}],"about":[{"href":"https:\/\/blogs.amarinha.gal\/ribadeando\/wp-json\/wp\/v2\/types\/post"}],"author":[{"embeddable":true,"href":"https:\/\/blogs.amarinha.gal\/ribadeando\/wp-json\/wp\/v2\/users\/3"}],"replies":[{"embeddable":true,"href":"https:\/\/blogs.amarinha.gal\/ribadeando\/wp-json\/wp\/v2\/comments?post=5165"}],"version-history":[{"count":0,"href":"https:\/\/blogs.amarinha.gal\/ribadeando\/wp-json\/wp\/v2\/posts\/5165\/revisions"}],"wp:attachment":[{"href":"https:\/\/blogs.amarinha.gal\/ribadeando\/wp-json\/wp\/v2\/media?parent=5165"}],"wp:term":[{"taxonomy":"category","embeddable":true,"href":"https:\/\/blogs.amarinha.gal\/ribadeando\/wp-json\/wp\/v2\/categories?post=5165"},{"taxonomy":"post_tag","embeddable":true,"href":"https:\/\/blogs.amarinha.gal\/ribadeando\/wp-json\/wp\/v2\/tags?post=5165"}],"curies":[{"name":"wp","href":"https:\/\/api.w.org\/{rel}","templated":true}]}}