{"id":5164,"date":"2020-03-24T13:42:00","date_gmt":"2020-03-24T12:42:00","guid":{"rendered":""},"modified":"2024-11-12T13:16:19","modified_gmt":"2024-11-12T12:16:19","slug":"aviso-do-concello-covid-19-xestion-de","status":"publish","type":"post","link":"https:\/\/blogs.amarinha.gal\/ribadeando\/2020\/03\/24\/aviso-do-concello-covid-19-xestion-de\/","title":{"rendered":"Aviso do concello: Covid-19: xesti\u00f3n de residuos"},"content":{"rendered":"<p>Copio a nota do concello sobre a xesti\u00f3n de residuos nos domicilios, despois de que, seg\u00fan se di, haxa xa alg\u00fan caso en Ribadeo:<\/p>\n<p><a href=\"https:\/\/blogger.googleusercontent.com\/img\/b\/R29vZ2xl\/AVvXsEhNmzsKcVuRYu_bqKflFR7DfCA8YR0ZnYr3jg4iADIkaYgl1xIGjErXx1KSZlPkeyBFlRYBdJRAFy1boUkSPBKrYEHmIXEomGz5sa25O17oo0poYRfuaKdCSf5ZtwoKgJPY9Y4-1g\/s2048\/Bando_Xestion_Residuos_Crise_Sanitaria_Covid-19.jpg\" imageanchor=\"1\" style=\"margin-left: 1em; margin-right: 1em;\"><img decoding=\"async\" src=\"https:\/\/blogger.googleusercontent.com\/img\/b\/R29vZ2xl\/AVvXsEhNmzsKcVuRYu_bqKflFR7DfCA8YR0ZnYr3jg4iADIkaYgl1xIGjErXx1KSZlPkeyBFlRYBdJRAFy1boUkSPBKrYEHmIXEomGz5sa25O17oo0poYRfuaKdCSf5ZtwoKgJPY9Y4-1g\/s2048\/Bando_Xestion_Residuos_Crise_Sanitaria_Covid-19.jpg\" \/><\/a><\/p>\n<p><em>&#8220;O MINISTERIO DE SANIDADE DICTOU UNHA ORDE A ESTE RESPETO<\/em><\/p>\n<p><em>Covid-19: xesti\u00f3n de residuos<\/em><\/p>\n<p><em>23\/03\/2020<\/em><\/p>\n<p><em><br \/>\n<\/em><br \/>\n<em>O alcalde, Fernando Su\u00e1rez, ven de asinar un Bando con instruci\u00f3ns sobre a xesti\u00f3n de residuos na situaci\u00f3n da crise sanitaria ocasionada polo Covid-19.<\/em><\/p>\n<p><em><br \/>\n<\/em><br \/>\n<em>No mesmo indica que &#8220;no que aos residuos dom\u00e9sticos se refire, de competencia municipal, no anexo desta orde especif\u00edcanse as seguintes recomendaci\u00f3ns en canto ao manexo de residuos nos fogares:<\/em><\/p>\n<p><em><br \/>\n<\/em><br \/>\n<em>-Fogares con positivos ou en corentena por COVID-19:<\/em><\/p>\n<p><em><br \/>\n<\/em><br \/>\n<em>Os residuos do doente, inclu\u00eddo o material desbotable utilizado pola persoa enferma (luvas, panos, m\u00e1scaras), d\u00e9bense eliminar nunha bolsa de pl\u00e1stico (bolsa 1) nun cubo de lixo disposto na habitaci\u00f3n, preferiblemente con tapa e pedal de apertura, sen realizar ningunha separaci\u00f3n para a reciclaxe.<\/em><\/p>\n<p><em><br \/>\n<\/em><br \/>\n<em>A bolsa de pl\u00e1stico (bolsa 1) debe pecharse adecuadamente e introducirse nunha segunda bolsa de lixo (bolsa 2), \u00e1 beira da sa\u00edda da habitaci\u00f3n, onde ademais depositaranse as luvas e m\u00e1scara utilizados polo coidador, e pecharase adecuadamente antes de sa\u00edr da habitaci\u00f3n.<\/em><\/p>\n<p><em><br \/>\n<\/em><br \/>\n<em>A bolsa 2, cos residuos anteriores, depositarase co resto dos residuos dom\u00e9sticos na bolsa de lixo (bolsa 3) correspondente ao cubo de fracci\u00f3n resto. <\/em><\/p>\n<p><em><br \/>\n<\/em><br \/>\n<em>Inmediatamente despois realizarase unha completa hixiene de mans, con auga e xab\u00f3n, polo menos 40-60 segundos.<\/em><\/p>\n<p><em><br \/>\n<\/em><br \/>\n<em>A bolsa 3 pechada adecuadamente depositarase exclusivamente no contedor de fracci\u00f3n resto.<\/em><\/p>\n<p><em><br \/>\n<\/em><br \/>\n<em>-Fogares sen positivos ou corentena:<\/em><\/p>\n<p><em><br \/>\n<\/em><br \/>\n<em>A separaci\u00f3n dos residuos realizarase como se ven facendo habitualmente, tratando de maximizar a devandita separaci\u00f3n ao obxecto de reducir a fracci\u00f3n resto xerada. As fracci\u00f3ns separadas s\u00f3 se depositar\u00e1n nos contedores correspondentes.<\/em><\/p>\n<p><em><br \/>\n<\/em><br \/>\n<em>As luvas de l\u00e1tex ou nitrilo empregadas para outros usos non deben depositarse no contedor de envases lixeiros (amarelo), sen\u00f3n no de resto&#8221;.<\/em><\/p>\n<p><em><br \/>\n<\/em><br \/>\n<em>O BOE de onte, 22 de marzo de 2020, publicaba a Orde SND\/271\/2020 do Ministerio de Sanidade establecendo instruci\u00f3ns sobre a xesti\u00f3n de residuos na situaci\u00f3n de crise sanitaria ocasionada polo Covid-19.&#8221;<\/em><\/p>\n","protected":false},"excerpt":{"rendered":"<p>Copio a nota do concello sobre a xesti\u00f3n de residuos nos domicilios, despois de que, seg\u00fan se di, haxa xa alg\u00fan caso en Ribadeo: &#8220;O MINISTERIO DE SANIDADE DICTOU UNHA ORDE A ESTE RESPETO Covid-19: xesti\u00f3n de residuos 23\/03\/2020 O alcalde, Fernando Su\u00e1rez, ven de asinar un Bando con instruci\u00f3ns sobre a xesti\u00f3n de residuos [&hellip;]<\/p>\n","protected":false},"author":3,"featured_media":0,"comment_status":"open","ping_status":"closed","sticky":false,"template":"","format":"standard","meta":{"activitypub_content_warning":"","activitypub_content_visibility":"","activitypub_max_image_attachments":3,"activitypub_interaction_policy_quote":"anyone","activitypub_status":"federated","footnotes":""},"categories":[1],"tags":[75],"class_list":["post-5164","post","type-post","status-publish","format-standard","hentry","category-sen-categoria","tag-coronavirus"],"_links":{"self":[{"href":"https:\/\/blogs.amarinha.gal\/ribadeando\/wp-json\/wp\/v2\/posts\/5164","targetHints":{"allow":["GET"]}}],"collection":[{"href":"https:\/\/blogs.amarinha.gal\/ribadeando\/wp-json\/wp\/v2\/posts"}],"about":[{"href":"https:\/\/blogs.amarinha.gal\/ribadeando\/wp-json\/wp\/v2\/types\/post"}],"author":[{"embeddable":true,"href":"https:\/\/blogs.amarinha.gal\/ribadeando\/wp-json\/wp\/v2\/users\/3"}],"replies":[{"embeddable":true,"href":"https:\/\/blogs.amarinha.gal\/ribadeando\/wp-json\/wp\/v2\/comments?post=5164"}],"version-history":[{"count":0,"href":"https:\/\/blogs.amarinha.gal\/ribadeando\/wp-json\/wp\/v2\/posts\/5164\/revisions"}],"wp:attachment":[{"href":"https:\/\/blogs.amarinha.gal\/ribadeando\/wp-json\/wp\/v2\/media?parent=5164"}],"wp:term":[{"taxonomy":"category","embeddable":true,"href":"https:\/\/blogs.amarinha.gal\/ribadeando\/wp-json\/wp\/v2\/categories?post=5164"},{"taxonomy":"post_tag","embeddable":true,"href":"https:\/\/blogs.amarinha.gal\/ribadeando\/wp-json\/wp\/v2\/tags?post=5164"}],"curies":[{"name":"wp","href":"https:\/\/api.w.org\/{rel}","templated":true}]}}