{"id":5161,"date":"2020-03-25T19:58:00","date_gmt":"2020-03-25T18:58:00","guid":{"rendered":""},"modified":"2024-11-12T13:16:09","modified_gmt":"2024-11-12T12:16:09","slug":"as-duas-caras-da-moeda-pablo-mosquera","status":"publish","type":"post","link":"https:\/\/blogs.amarinha.gal\/ribadeando\/2020\/03\/25\/as-duas-caras-da-moeda-pablo-mosquera\/","title":{"rendered":"As d\u00faas caras da moeda. Pablo Mosquera"},"content":{"rendered":"<p>&nbsp;&nbsp; <em>Vella reflexi\u00f3n. Pero indispensable para volver comezar. Distinguir as voces dos ecos. Aprender a conversar co home que vai connosco mesmos. Cami\u00f1ar lixeiros de equipaxe. Ser no bo sentido da palabra bo. E \u00e9 que repasando os poemas dos nosos mellores mestres, atopamos respostas e senllas para reemprender a marcha.<\/em><\/p>\n<p><em>&nbsp;&nbsp; V\u00e9nme \u00e1 mente que haber\u00e1 tres espazos sobre os que debater. As causas primeiras desta cat\u00e1strofe mundial. O nivel dos dirixentes que puxo o sistema para &#8220;coidar&#8221; da civilizaci\u00f3n. Os cambios que debemos operar, desde o poder popular e sen que volvan meter as s\u00faas sucias mans os mercadores e os profetas.<\/em><\/p>\n<p><em>&nbsp;&nbsp; Levo tempo pedindo que paremos. A velocidade imp\u00eddenos ver a paisaxe. A velocidade inst\u00e1lanos nun veh\u00edculo perverso desde o que non vemos o que deixamos atr\u00e1s. Pero esta vez, o veh\u00edculo descarrilou. Ao baixarnos da masa informe en que se converteu o noso mundo, comprobamos: desigualdades e desequilibrios insoportables; cambio clim\u00e1tico a piques de crear un planeta inservible para a vida; teor\u00edas-mentiras-manipulaci\u00f3ns a inventario dos novos poderes f\u00e1cticos; incapacidade para enfrontarnos cun virus, cando a soberbia tennos levado ao discurso da inmortalidad.<\/em><\/p>\n<p><em>&nbsp;&nbsp; Fai anos que me refuxio na historia. Pido aprender do pasado. Facer un exercicio retrospectivo epidemiol\u00f3xico. Buscar a resposta nos ciclos da convivencia humana. Menos pol\u00edtica e m\u00e1is sociedade. Pero sobre todo, menos soberbia froito da revoluci\u00f3n tecnol\u00f3xica e m\u00e1is lectura para os episodios que sufriron as diferentes civilizaci\u00f3ns, para asumir os fracasos do cenit e regresar humildemente \u00e1s ra\u00edces do pobo, sabio, comprometido, formado por lexi\u00f3ns de heroes an\u00f3nimos, aos que estamos colocando na vanguardia da loita, mentres xefes, xefi\u00f1os, liberados, autoridades, mamelucos vestidos de gala e rodeados de pompas solemnes, mostran non s\u00f3 incapacidade: algo peor. Son o obst\u00e1culo para os que cami\u00f1an ombreiro con ombreiro.<\/em><\/p>\n<p><em>&nbsp;&nbsp; Te\u00f1o necesidade de saber que pasa. Como est\u00e1n os meus amigos. De que forma podo axudar. Como salvamos aos m\u00e1is d\u00e9biles, \u00a1isto non pode ser Esparta!. Que mecanismos debo esixir desde a mi\u00f1a condici\u00f3n, sen x\u00e9nero, de cidadan\u00eda, para que po\u00f1amos freo \u00e1s Pandemias &#8211; non esquezamos que son tres; infecci\u00f3n, p\u00e1nico, pobreza-.<\/em><\/p>\n<p><em>&nbsp; Polo de pronto saco forzas da mi\u00f1a propia dignidade. Non entendo, non consinto, non me calo. Eses malnacidos das instancias &#8220;supremas&#8221; da UE que se negaron a po\u00f1er en marcha os &#8220;coronabonos&#8221; para inxectar recursos econ\u00f3micos ao sistema, son uns malditos feudais que debemos expulsar canto antes. Esta non \u00e9 a Europa dos cidad\u00e1ns. Segue sendo o mercado no que uns son explotados e outros se forran&#8230; Pois chegou o comandante e mandou parar&#8230;<\/em><\/p>\n<p><em>&nbsp;&nbsp; E para rematar. Supo\u00f1o que a estas alturas non haber\u00e1 ning\u00fan sindicalista liberado. Supo\u00f1o que non haber\u00e1 ning\u00fan alto funcionario refuxiado no seu despacho. Supo\u00f1o non haber\u00e1 ning\u00fan empresario facendo contas para a f\u00f3rmula antiga que consiste en prescindir do obreiro para po\u00f1er a recado o capital<\/em><\/p>\n<p><em>&nbsp;&nbsp; Amen. <\/em><\/p>\n","protected":false},"excerpt":{"rendered":"<p>&nbsp;&nbsp; Vella reflexi\u00f3n. Pero indispensable para volver comezar. Distinguir as voces dos ecos. Aprender a conversar co home que vai connosco mesmos. Cami\u00f1ar lixeiros de equipaxe. Ser no bo sentido da palabra bo. E \u00e9 que repasando os poemas dos nosos mellores mestres, atopamos respostas e senllas para reemprender a marcha. &nbsp;&nbsp; V\u00e9nme \u00e1 mente [&hellip;]<\/p>\n","protected":false},"author":3,"featured_media":0,"comment_status":"open","ping_status":"closed","sticky":false,"template":"","format":"standard","meta":{"activitypub_content_warning":"","activitypub_content_visibility":"","activitypub_max_image_attachments":3,"activitypub_interaction_policy_quote":"anyone","activitypub_status":"federate","footnotes":""},"categories":[1],"tags":[75,14],"class_list":["post-5161","post","type-post","status-publish","format-standard","hentry","category-sen-categoria","tag-coronavirus","tag-pablo-mosquera"],"_links":{"self":[{"href":"https:\/\/blogs.amarinha.gal\/ribadeando\/wp-json\/wp\/v2\/posts\/5161","targetHints":{"allow":["GET"]}}],"collection":[{"href":"https:\/\/blogs.amarinha.gal\/ribadeando\/wp-json\/wp\/v2\/posts"}],"about":[{"href":"https:\/\/blogs.amarinha.gal\/ribadeando\/wp-json\/wp\/v2\/types\/post"}],"author":[{"embeddable":true,"href":"https:\/\/blogs.amarinha.gal\/ribadeando\/wp-json\/wp\/v2\/users\/3"}],"replies":[{"embeddable":true,"href":"https:\/\/blogs.amarinha.gal\/ribadeando\/wp-json\/wp\/v2\/comments?post=5161"}],"version-history":[{"count":0,"href":"https:\/\/blogs.amarinha.gal\/ribadeando\/wp-json\/wp\/v2\/posts\/5161\/revisions"}],"wp:attachment":[{"href":"https:\/\/blogs.amarinha.gal\/ribadeando\/wp-json\/wp\/v2\/media?parent=5161"}],"wp:term":[{"taxonomy":"category","embeddable":true,"href":"https:\/\/blogs.amarinha.gal\/ribadeando\/wp-json\/wp\/v2\/categories?post=5161"},{"taxonomy":"post_tag","embeddable":true,"href":"https:\/\/blogs.amarinha.gal\/ribadeando\/wp-json\/wp\/v2\/tags?post=5161"}],"curies":[{"name":"wp","href":"https:\/\/api.w.org\/{rel}","templated":true}]}}