{"id":5160,"date":"2020-03-27T17:42:00","date_gmt":"2020-03-27T16:42:00","guid":{"rendered":""},"modified":"2024-11-12T13:16:07","modified_gmt":"2024-11-12T12:16:07","slug":"non-e-un-venres-calquera-pablo-mosquera","status":"publish","type":"post","link":"https:\/\/blogs.amarinha.gal\/ribadeando\/2020\/03\/27\/non-e-un-venres-calquera-pablo-mosquera\/","title":{"rendered":"Non \u00e9 un venres calquera. por Pablo Mosquera"},"content":{"rendered":"<table align=\"center\" cellpadding=\"0\" cellspacing=\"0\" class=\"tr-caption-container\" style=\"margin-left: auto; margin-right: auto; text-align: center;\">\n<tbody>\n<tr>\n<td style=\"text-align: center;\"><a href=\"https:\/\/blogger.googleusercontent.com\/img\/b\/R29vZ2xl\/AVvXsEgg1ehswO9WePfszJSXr0_6miubGX_vOwUgDwKvxzORerED1_82YTUK5aJ7huJn-9iOKNrAmZOJ5LOxkqiJ1haGeDZTqMO1TU-r2Tb8xY8uHbIh1vuA2cc1jGrKWguAYUgIFOwQYg\/s2048\/Don+Ram%25C3%25B3n+ante+una+librer%25C3%25ADa.jpeg\" imageanchor=\"1\" style=\"margin-left: auto; margin-right: auto;\"><img loading=\"lazy\" decoding=\"async\" height=\"640\" src=\"https:\/\/blogger.googleusercontent.com\/img\/b\/R29vZ2xl\/AVvXsEgg1ehswO9WePfszJSXr0_6miubGX_vOwUgDwKvxzORerED1_82YTUK5aJ7huJn-9iOKNrAmZOJ5LOxkqiJ1haGeDZTqMO1TU-r2Tb8xY8uHbIh1vuA2cc1jGrKWguAYUgIFOwQYg\/s2048\/Don+Ram%25C3%25B3n+ante+una+librer%25C3%25ADa.jpeg\" width=\"410\" \/><\/a><\/td>\n<\/tr>\n<tr>\n<td class=\"tr-caption\" style=\"text-align: center;\">Don Ram\u00f3n, ante unha librer\u00eda<\/td>\n<\/tr>\n<\/tbody>\n<\/table>\n<p>&nbsp;&nbsp; <em>Como todas as ma\u00f1\u00e1s e seguindo o que aprend\u00edn, primeiro que fago \u00e9 comprobar desde a mi\u00f1a terraza como est\u00e1 a mar e de onde v\u00e9n o vento. Fac\u00edao sendo un neno naquel Miramar, acompa\u00f1ando ao meu t\u00edo Manolo de Rego. Ent\u00f3n non hab\u00eda muro na Anxuela e a vista alcanzaba ata os salseiros nos Farill\u00f3ns.<\/em><\/p>\n<p><em>&nbsp;&nbsp; Hai vento mareiro e maruxia. Marzo \u00e9 un mes caprichoso. Con boas mareas -marcelinas- que devolven as areas \u00e1s nosas praias de mica e caol\u00edn. N\u00f3tase ese cheiro caracter\u00edstico do iodo que nos perfuma a pel curtida desde unha infancia sempre ao aire libre.<\/em><\/p>\n<p><em>&nbsp;&nbsp; Pero, que dixen? T\u00e9\u00f1ennos confiscado o aire libre, os paseos polas praias, a cita cos amigos nas cantinas portuarias, o faladoiro no Coto e no Lugar. Ou acudir libremente a eses recunchos m\u00e1xicos dunha cidade horizontal: desde a Alameda dos Remedios, pola r\u00faa do Bispo Sarmiento ata a escultura que realizou o meu amigo Juan Puchades, ao gran \u00c1lvaro Cunqueiro. Para logo cursar visita a Os Mui\u00f1os e degustar vi\u00f1o e faladoiro na Taberna do Valeco. As\u00ed \u00e9 a inmortal Mondo\u00f1edo.<\/em><\/p>\n<p><em>&nbsp;&nbsp; Tampouco poderei ir a Vila do Landro. E \u00f3 peor, debo renunciar a esa tarde-noite en que co meu amigo Aventado, Eugenio Do Val, facemos a &#8220;peregrinaci\u00f3n&#8221; por Galdo, botando un cantar\u00edn en &#8220;Casa Eladio&#8221; mentres saboreamos eses incomparables torreznos. Para logo visitar ao noso querido Enrique do Asador, onde o faladoiro acada niveis moi elevados con debates sobre a fiscalidade e a produtividade ou as inxustas formas de tratar \u00e1 pequena empresa familiar. Como de costume poder saudar a Juan Carlos Neira, Salvador Serantes e aquel gran porteiro do meu S.D. Compostela xuvenil, Domingo, fiel ao clube do Bernab\u00e9u.<\/em><\/p>\n<p><em>&nbsp;&nbsp; Non podo achegarme a esa Vila Mari\u00f1eira de Foz, onde o gran Suso dirixe un diario faladoiro composto por artistas Aventados. Nin podo visitar a Anxo Rivas, que desde Foz, cumpre a misi\u00f3n de informar, entreter, facer compa\u00f1\u00eda \u00e1s nosas xentes, inclu\u00eddas as tripulaci\u00f3ns de baixura. Sempre a radio como compa\u00f1eira&#8230;<\/em><\/p>\n<p><em>&nbsp;&nbsp; Chamarei aos meus amigos-irm\u00e1ns. Sito Otero Regal, que non sabe parar. Que segue creando beleza con terras, auga e lume, \u00e1 sombra de Valdeflores. Ou Carlos Novo Cal, con quen comparto tantas vicisitudes, utop\u00edas e pensamentos para facer unha Galicia, libre, xenerosa, autosuficiente. Por certo, d\u00e1me noticias de Madrid, grazas ao contacto que mant\u00e9n e coida cos descendientes de Maruja Mallo. E \u00e9 que o noso Cronista nunca foi oportunista dunha data. Sabe render culto \u00e1 m\u00e1is nobre e leal, causa. A amizade.<\/em><\/p>\n<p><em>&nbsp;&nbsp; Pero este venres \u00e9 diferente. D\u00eda sinalado para recordar ao Teatro. E aprov\u00e9itoo para repasar o groso tomo que me regalou Don Manuel Fraga coas obras completas de Valle Incl\u00e1n. T\u00edtulos para so\u00f1ar cun mundo mellor. E po\u00f1ernos en paz connosco mesmos: &#8220;Tirano Bandeiras&#8221;. &#8220;Tablado de marionetas para educaci\u00f3n de pr\u00edncipes&#8221;. &#8220;Memorias del Marqu\u00e9s de Bradom\u00edn -Sonatas de est\u00edo, primavera, outo\u00f1o e invierno-&#8220;. &#8220;Retablo de la avaricia, lujuria y muerte&#8221;. &#8220;Gerifaltes de anta\u00f1o. La Espa\u00f1a tradicional&#8221;&#8230; y desde luego, con esperanza, &#8220;Cuento de abril&#8221;.<\/em><\/p>\n<p><em>&nbsp;&nbsp; Cando todo acabe, prometo regalarlle aos meus amigos, o poema de Kipling: &#8220;Home&#8221;. \u00c9 un dogma para o comportamento desde sempre e para sempre. E mentres tanto, quede constancia que aos recordos e aos so\u00f1os non os poden confinar&#8230;<\/em><\/p>\n","protected":false},"excerpt":{"rendered":"<p>Don Ram\u00f3n, ante unha librer\u00eda &nbsp;&nbsp; Como todas as ma\u00f1\u00e1s e seguindo o que aprend\u00edn, primeiro que fago \u00e9 comprobar desde a mi\u00f1a terraza como est\u00e1 a mar e de onde v\u00e9n o vento. Fac\u00edao sendo un neno naquel Miramar, acompa\u00f1ando ao meu t\u00edo Manolo de Rego. Ent\u00f3n non hab\u00eda muro na Anxuela e a [&hellip;]<\/p>\n","protected":false},"author":3,"featured_media":0,"comment_status":"open","ping_status":"closed","sticky":false,"template":"","format":"standard","meta":{"activitypub_content_warning":"","activitypub_content_visibility":"","activitypub_max_image_attachments":3,"activitypub_interaction_policy_quote":"anyone","activitypub_status":"federate","footnotes":""},"categories":[1],"tags":[75,14],"class_list":["post-5160","post","type-post","status-publish","format-standard","hentry","category-sen-categoria","tag-coronavirus","tag-pablo-mosquera"],"_links":{"self":[{"href":"https:\/\/blogs.amarinha.gal\/ribadeando\/wp-json\/wp\/v2\/posts\/5160","targetHints":{"allow":["GET"]}}],"collection":[{"href":"https:\/\/blogs.amarinha.gal\/ribadeando\/wp-json\/wp\/v2\/posts"}],"about":[{"href":"https:\/\/blogs.amarinha.gal\/ribadeando\/wp-json\/wp\/v2\/types\/post"}],"author":[{"embeddable":true,"href":"https:\/\/blogs.amarinha.gal\/ribadeando\/wp-json\/wp\/v2\/users\/3"}],"replies":[{"embeddable":true,"href":"https:\/\/blogs.amarinha.gal\/ribadeando\/wp-json\/wp\/v2\/comments?post=5160"}],"version-history":[{"count":0,"href":"https:\/\/blogs.amarinha.gal\/ribadeando\/wp-json\/wp\/v2\/posts\/5160\/revisions"}],"wp:attachment":[{"href":"https:\/\/blogs.amarinha.gal\/ribadeando\/wp-json\/wp\/v2\/media?parent=5160"}],"wp:term":[{"taxonomy":"category","embeddable":true,"href":"https:\/\/blogs.amarinha.gal\/ribadeando\/wp-json\/wp\/v2\/categories?post=5160"},{"taxonomy":"post_tag","embeddable":true,"href":"https:\/\/blogs.amarinha.gal\/ribadeando\/wp-json\/wp\/v2\/tags?post=5160"}],"curies":[{"name":"wp","href":"https:\/\/api.w.org\/{rel}","templated":true}]}}