{"id":5159,"date":"2020-03-27T20:43:00","date_gmt":"2020-03-27T19:43:00","guid":{"rendered":""},"modified":"2024-11-12T13:16:06","modified_gmt":"2024-11-12T12:16:06","slug":"ogalla-sobrepasemos-china-dentro-de","status":"publish","type":"post","link":"https:\/\/blogs.amarinha.gal\/ribadeando\/2020\/03\/27\/ogalla-sobrepasemos-china-dentro-de\/","title":{"rendered":"Ogall\u00e1 sobrepasemos a China dentro de catro d\u00edas!"},"content":{"rendered":"<p><a href=\"https:\/\/blogger.googleusercontent.com\/img\/b\/R29vZ2xl\/AVvXsEgRpdHWBERgQ2OhY-gi53JPJ0-WcQamtlSF_3EWCnpeFW-45YvrSvw_9LbsAmVnImkZP63uEEtwimz8a_ACNLMqRm1dmYNn9V27Ho9xOmqkz6BsUUzBIDLP_yT-ttNQk-AR5DwThw\/s2048\/IMG_20200313_104704_.jpg\" imageanchor=\"1\" style=\"margin-left: 1em; margin-right: 1em;\"><img decoding=\"async\" src=\"https:\/\/blogger.googleusercontent.com\/img\/b\/R29vZ2xl\/AVvXsEgRpdHWBERgQ2OhY-gi53JPJ0-WcQamtlSF_3EWCnpeFW-45YvrSvw_9LbsAmVnImkZP63uEEtwimz8a_ACNLMqRm1dmYNn9V27Ho9xOmqkz6BsUUzBIDLP_yT-ttNQk-AR5DwThw\/s2048\/IMG_20200313_104704_.jpg\" \/><\/a><\/p>\n<p>&nbsp;&nbsp; Hoxe \u00e9 d\u00eda 27 de marzo, venres. Ogall\u00e1 non sobrepasemos a China en n\u00famero de infectados. E, de facelo, ogall\u00e1 que tardemos catro d\u00edas e non tres, que \u00e9&nbsp; o cami\u00f1o que levamos: significar\u00eda que o n\u00famero de contaxios diarios comeza a conterse, que xa estamos preto do pico&#8230;<\/p>\n<p>&nbsp;&nbsp; Ogall\u00e1 puideramos dicir o mesmo co n\u00famero de mortes. Pero non podemos. Xa hai varios d\u00edas que Espa\u00f1a conta con m\u00e1is mortos por coronavirus que China, seguindo as cifras oficiais dos dous pa\u00edses, que non te\u00f1en por que estar redactadas cos mesmos criterios. Tampouco ten os mesmos criterios ese c\u00f3mputo que no caso de Francia ou Alema\u00f1a (que tampouco coinciden entre si).<\/p>\n<p>&nbsp;&nbsp; E iso l\u00e9vanos \u00e1 cooperaci\u00f3n. A cooperaci\u00f3n a nivel pol\u00edtico vai abondo m\u00e1is atrasada que a nivel cient\u00edfico, ou a nivel cidad\u00e1. A este \u00faltimo, estamos asistindo \u00e1 fabricaci\u00f3n de mascarillas en moitos lugares, pequenos talleres, que van perfeccionando a produci\u00f3n co material que contan. Ou \u00e1 produci\u00f3n, de xeito colaborativo e a partir de software libre, de aparellos para axuda \u00e1 respiraci\u00f3n, que antes da crise non hab\u00eda empresas en Espa\u00f1a que os produxeran na s\u00faa totalidade. A nivel cient\u00edfico, inciativas como as de <a href=\"https:\/\/www.mancomun.gal\/noticias\/computacion-en-malla-con-software-libre-contra-o-covid-19\/\" target=\"_blank\" rel=\"noopener\">Computaci\u00f3n en malla con Software Libre contra o COVID-19<\/a>, pon a traballar os ordenadores de quenes queiran para po\u00f1er as bases dunha vacuna. A nivel pol\u00edtico, para atopar un acordo para proseguir o estado de illamento que temos hai que agardar \u00e1 media noite despois de tirarse pedras. Iso, entre outras actividades que amosan que non se trata tanto de acordos construtivos como de &#8216;e eu m\u00e1is&#8217; (e m\u00e1is medi\u00e1tico) ou de posturas autodestrutivas: o de auto vai porque a pol\u00edtica \u00e9 -ou debera ser- cousa de todos, e a todos nos ata\u00f1en as consecuencias.<\/p>\n<p>&nbsp;&nbsp; Por outra banda, o uso de recursos militares, benvido que \u00e9 para aliviar no que poda, non deixa de amosar en que se invertiron, e en que non, os recursos neste pa\u00eds, que indicar\u00eda, \u00e1 s\u00faa vez, cara onde se quere ir en gobernanza. Os que non foron desviados, non subministrados ou saqueados, claro.<\/p>\n<p>&nbsp;&nbsp; Mentres, as redes son un fervedoiro tal que as administraci\u00f3ns e entidades diversas anuncian, polas mesmas redes, que non se miren tantos v\u00eddeos, imaxes e textos non contrastados, que hai unha porcentaxe grande que son fakes, mentiras, que non fan m\u00e1is que dano, xeran dor e rabia, merman a convivencia e son un perigo de cara \u00f3 futuro polo que vai quedando deles no corpo.<\/p>\n<p>&nbsp;&nbsp; Fai unha boa tarde ventosa de primavera. Case todos veremos (ou veredes) as tardes da pr\u00f3xima primavera. E, naquelas tardes que nos quedan a\u00ednda, podemos pensar como contribu\u00edmos \u00f3 ben com\u00fan.<\/p>\n","protected":false},"excerpt":{"rendered":"<p>&nbsp;&nbsp; Hoxe \u00e9 d\u00eda 27 de marzo, venres. Ogall\u00e1 non sobrepasemos a China en n\u00famero de infectados. E, de facelo, ogall\u00e1 que tardemos catro d\u00edas e non tres, que \u00e9&nbsp; o cami\u00f1o que levamos: significar\u00eda que o n\u00famero de contaxios diarios comeza a conterse, que xa estamos preto do pico&#8230; &nbsp;&nbsp; Ogall\u00e1 puideramos dicir o [&hellip;]<\/p>\n","protected":false},"author":3,"featured_media":0,"comment_status":"open","ping_status":"closed","sticky":false,"template":"","format":"standard","meta":{"activitypub_content_warning":"","activitypub_content_visibility":"","activitypub_max_image_attachments":3,"activitypub_interaction_policy_quote":"anyone","activitypub_status":"federate","footnotes":""},"categories":[1],"tags":[75],"class_list":["post-5159","post","type-post","status-publish","format-standard","hentry","category-sen-categoria","tag-coronavirus"],"_links":{"self":[{"href":"https:\/\/blogs.amarinha.gal\/ribadeando\/wp-json\/wp\/v2\/posts\/5159","targetHints":{"allow":["GET"]}}],"collection":[{"href":"https:\/\/blogs.amarinha.gal\/ribadeando\/wp-json\/wp\/v2\/posts"}],"about":[{"href":"https:\/\/blogs.amarinha.gal\/ribadeando\/wp-json\/wp\/v2\/types\/post"}],"author":[{"embeddable":true,"href":"https:\/\/blogs.amarinha.gal\/ribadeando\/wp-json\/wp\/v2\/users\/3"}],"replies":[{"embeddable":true,"href":"https:\/\/blogs.amarinha.gal\/ribadeando\/wp-json\/wp\/v2\/comments?post=5159"}],"version-history":[{"count":0,"href":"https:\/\/blogs.amarinha.gal\/ribadeando\/wp-json\/wp\/v2\/posts\/5159\/revisions"}],"wp:attachment":[{"href":"https:\/\/blogs.amarinha.gal\/ribadeando\/wp-json\/wp\/v2\/media?parent=5159"}],"wp:term":[{"taxonomy":"category","embeddable":true,"href":"https:\/\/blogs.amarinha.gal\/ribadeando\/wp-json\/wp\/v2\/categories?post=5159"},{"taxonomy":"post_tag","embeddable":true,"href":"https:\/\/blogs.amarinha.gal\/ribadeando\/wp-json\/wp\/v2\/tags?post=5159"}],"curies":[{"name":"wp","href":"https:\/\/api.w.org\/{rel}","templated":true}]}}