{"id":5158,"date":"2020-03-28T18:30:00","date_gmt":"2020-03-28T17:30:00","guid":{"rendered":""},"modified":"2024-11-12T13:16:04","modified_gmt":"2024-11-12T12:16:04","slug":"de-jose-luis-sampedro-e-tres-pequenos","status":"publish","type":"post","link":"https:\/\/blogs.amarinha.gal\/ribadeando\/2020\/03\/28\/de-jose-luis-sampedro-e-tres-pequenos\/","title":{"rendered":"De Jos\u00e9 Luis Sampedro, e tres pequenos comentarios"},"content":{"rendered":"<table align=\"center\" cellpadding=\"0\" cellspacing=\"0\" class=\"tr-caption-container\" style=\"margin-left: auto; margin-right: auto; text-align: center;\">\n<tbody>\n<tr>\n<td style=\"text-align: center;\"><a href=\"https:\/\/blogger.googleusercontent.com\/img\/b\/R29vZ2xl\/AVvXsEi2FPpkUixHy6ZMWI8fATu9X7QFouFqLMJwO9vGLMrSbCcy6orJB5i2KrlcseNIlY4FiZZgRVazeXtS-3vCjzphindZ-mZVueErQrZo8iThbhyphenhyphenTBmYOwN87Ap8iZpvTSIFglCX-WA\/s2048\/Jos%25C3%25A9_Luis_Sampedro_%25282006%2529.jpg\" style=\"margin-left: auto; margin-right: auto;\"><img decoding=\"async\" src=\"https:\/\/blogger.googleusercontent.com\/img\/b\/R29vZ2xl\/AVvXsEi2FPpkUixHy6ZMWI8fATu9X7QFouFqLMJwO9vGLMrSbCcy6orJB5i2KrlcseNIlY4FiZZgRVazeXtS-3vCjzphindZ-mZVueErQrZo8iThbhyphenhyphenTBmYOwN87Ap8iZpvTSIFglCX-WA\/s2048\/Jos%25C3%25A9_Luis_Sampedro_%25282006%2529.jpg\" \/><\/a><\/td>\n<\/tr>\n<tr>\n<td class=\"tr-caption\" style=\"text-align: center;\">Jos\u00e9 Luis Sampedro en 2006. <em>Lic. CC BY SA 2.0, de \u00cd\u00f1igo Gonz\u00e1lez, tomada de https:\/\/commons.wikimedia.org\/wiki\/File:Jos%C3%A9_Luis_Sampedro_(2006).jpg<\/em><\/td>\n<\/tr>\n<\/tbody>\n<\/table>\n<p>Hai tempo que te\u00f1o moi ben considerado a <a href=\"https:\/\/gl.wikipedia.org\/wiki\/Jos%C3%A9_Luis_Sampedro\" target=\"_blank\" rel=\"noopener\">Jos\u00e9 Luis Sampedro<\/a>. De feito, dende que sei del. Tanto como novelista como como economista, pensador ou activista. Nestes d\u00edas de encerro, recobro algunhas cousas \u00e1s que non daba chegado para ler, e atopo entre elas unha entrevista que lle fixeron Amparo Rodrigo e Berta Rodrigo, publicada en 2012 en LMD en Espa\u00f1ol. O t\u00edtulo, &#8216;<a href=\"https:\/\/mondiplo.com\/el-capitalismo-no-funciona\" target=\"_blank\" rel=\"noopener\">El capitalismo no funciona<\/a>&#8216; pode dar unha idea falsa do que indica o seu interior, por moito que corresponda con algunha das ideas que vertebran as respostas de Jos\u00e9 Luis Sampedro.<\/p>\n<p>Comentar todo o texto faise demasiado para unha entrada sen pretensi\u00f3ns coma esta, polo que s\u00f3 deixo alg\u00fan fragmento, sen traducir:<\/p>\n<p>&#8211; Sobre a perda dalg\u00fans valores: &#8220;<em>Hemos asignado el valor supremo a algo que es un medio, el dinero, que es un instrumento de cambio. Lo dec\u00eda Marx: el capitalismo convierte todo en mercanc\u00eda. Y todo no se deja convertir en mercanc\u00eda. El olvido de los valores que representaba la civilizaci\u00f3n anterior ha conducido a cat\u00e1strofes. Por ejemplo: Europa no existe ya, es una ficci\u00f3n. Lo que llamamos Uni\u00f3n europea es un casino (&#8230;)<\/em>&#8221;<\/p>\n<p>Dende ent\u00f3n, pouco cambiou a cousa, como non sexa a aceleraci\u00f3n do sistema. E estamos sufrindo as consecuencias. Dende a monetarizaci\u00f3n da sanidade ou a educaci\u00f3n \u00f3 fluxo de informaci\u00f3n ou o aproveitamento capitalista das crises.<\/p>\n<p>&#8211; En relaci\u00f3n \u00e1s bases de pensamento da xente do noso tempo: &#8220;<em>Tenemos que ir pensando en un nuevo referente. El referente de los antiguos griegos era el hombre. El hombre era la medida de todas las cosas. En la edad media era Dios la medida de todas las cosas. Ahora, la medida de todas las cosas es el dinero. Que referencia nos espera? En este momento, lo \u00fanico que funciona r\u00e1pidamente es la ciencia, pero (&#8230;)<\/em>&#8221;<\/p>\n<p>Polo momento, a referencia dominante segue a ser a mesma, a\u00ednda que medre a conciencia de que \u00e9 necesario cambiala. Pero O Poder, controlado polos cartos, segue opo\u00f1endose, naturalmente. <\/p>\n<p>&#8211; En relaci\u00f3n a un movemento de cambio que estaba medrando naquel momento post 15M: &#8220;<em>Tienen una visi\u00f3n de la realidad muho m\u00e1s correcta de la que tenemos. (&#8230;) S\u00f3lo con comprender que el mundo es una realidad a la que tenemos que adaptarnos los hombres y no tratar de transformarlo, como pretenden algunos, porque la Tierra no nos necesita, pero si desaparece la Tierra, desaparecemos nosotros. (&#8230;) Hay alternativa de un desarrollo nacional controlado y para todos, lo cual supone que tiene que ceder el despilfarro de los m\u00e1s ricos y crecer la alimentaci\u00f3n de los m\u00e1s pobres. Hay otra alternativa. Hay el desarrollo interior, hacer que las personas sean mejores, no que tengan m\u00e1s. (&#8230;) <\/em>&#8221;<\/p>\n<p>Coido que naquel momento el xa sab\u00eda que non estaba dicindo nada novo, pero si algo que hai que remachar unha e outra vez ata que o integremos como individuos, como sociedade e como estrutura. E a\u00ednda falta&#8230;<\/p>\n","protected":false},"excerpt":{"rendered":"<p>Jos\u00e9 Luis Sampedro en 2006. Lic. CC BY SA 2.0, de \u00cd\u00f1igo Gonz\u00e1lez, tomada de https:\/\/commons.wikimedia.org\/wiki\/File:Jos%C3%A9_Luis_Sampedro_(2006).jpg Hai tempo que te\u00f1o moi ben considerado a Jos\u00e9 Luis Sampedro. De feito, dende que sei del. Tanto como novelista como como economista, pensador ou activista. Nestes d\u00edas de encerro, recobro algunhas cousas \u00e1s que non daba chegado para [&hellip;]<\/p>\n","protected":false},"author":3,"featured_media":0,"comment_status":"open","ping_status":"closed","sticky":false,"template":"","format":"standard","meta":{"activitypub_content_warning":"","activitypub_content_visibility":"","activitypub_max_image_attachments":3,"activitypub_interaction_policy_quote":"anyone","activitypub_status":"federate","footnotes":""},"categories":[1],"tags":[102,10,21,32,9],"class_list":["post-5158","post","type-post","status-publish","format-standard","hentry","category-sen-categoria","tag-15m","tag-cultura","tag-economia","tag-filosofia","tag-sociedade"],"_links":{"self":[{"href":"https:\/\/blogs.amarinha.gal\/ribadeando\/wp-json\/wp\/v2\/posts\/5158","targetHints":{"allow":["GET"]}}],"collection":[{"href":"https:\/\/blogs.amarinha.gal\/ribadeando\/wp-json\/wp\/v2\/posts"}],"about":[{"href":"https:\/\/blogs.amarinha.gal\/ribadeando\/wp-json\/wp\/v2\/types\/post"}],"author":[{"embeddable":true,"href":"https:\/\/blogs.amarinha.gal\/ribadeando\/wp-json\/wp\/v2\/users\/3"}],"replies":[{"embeddable":true,"href":"https:\/\/blogs.amarinha.gal\/ribadeando\/wp-json\/wp\/v2\/comments?post=5158"}],"version-history":[{"count":0,"href":"https:\/\/blogs.amarinha.gal\/ribadeando\/wp-json\/wp\/v2\/posts\/5158\/revisions"}],"wp:attachment":[{"href":"https:\/\/blogs.amarinha.gal\/ribadeando\/wp-json\/wp\/v2\/media?parent=5158"}],"wp:term":[{"taxonomy":"category","embeddable":true,"href":"https:\/\/blogs.amarinha.gal\/ribadeando\/wp-json\/wp\/v2\/categories?post=5158"},{"taxonomy":"post_tag","embeddable":true,"href":"https:\/\/blogs.amarinha.gal\/ribadeando\/wp-json\/wp\/v2\/tags?post=5158"}],"curies":[{"name":"wp","href":"https:\/\/api.w.org\/{rel}","templated":true}]}}