{"id":5145,"date":"2020-03-28T19:42:00","date_gmt":"2020-03-28T18:42:00","guid":{"rendered":""},"modified":"2024-11-12T13:15:45","modified_gmt":"2024-11-12T12:15:45","slug":"diario-de-un-confinado-en-la-plaza-de_4-2","status":"publish","type":"post","link":"https:\/\/blogs.amarinha.gal\/ribadeando\/2020\/03\/28\/diario-de-un-confinado-en-la-plaza-de_4-2\/","title":{"rendered":"Diario de un confinado en la plaza de Olavide. UNA VISITA A QUEVEDO. \u00c1ngel Alda"},"content":{"rendered":"<p>&#8220;<em>Viernes, 27 de marzo 2020<\/em><\/p>\n<p><em>Quevedo es el gran icono urbano de Chamber\u00ed. Hoy est\u00e1 solitario y solidario con los vecinos desde la reconfortante y segura altura de su peana. Es curioso que viviendo en una Espa\u00f1a sufridora de pestes y epidemias durante toda su vida \u00e9l apenas se\u00f1alase eso en sus obras. Incluso cuando escrib\u00eda de pestes, como en su famoso libro &#8220;Virtud militante contra las cuatro pestes del mundo&#8221; Quevedo est\u00e1 se\u00f1alando la envidia, la ingratitud, la soberbia y la avaricia.<\/em><\/p>\n<p><em>No ha estado exento nuestro barrio de epidemias a lo largo del siglo XIX y XX. Principalmente del c\u00f3lera cuyo mayor episodio coincidi\u00f3 con la mitad del siglo, justo cuando el barrio se empezaba a desarrollar con fuerza. Puede que por el empuje de la misma peste que causaba grandes destrozos en los atestados e infectados barrios viejos de Madrid. Las clases medias empezaban a buscar espacios m\u00e1s abiertos y aireados para sus nuevas viviendas. Prueba de ese \u00e9xito fue que Chamber\u00ed durante la gripe espa\u00f1ola de 1918 fuese el barrio menos afectado por la epidemia de todo Madrid.<\/em><\/p>\n<p><em>Pero hoy estamos hablando de un adversario secreto que puede estar circulando entre nosotros desde el mismo mes de diciembre o enero. Importado por visitantes de China o de la misma Italia y que ha tomado carnet de identidad madrile\u00f1o en febrero y marzo. Lo que los t\u00e9cnicos llaman contagio comunitario. Alg\u00fan d\u00eda los estudiosos har\u00e1n cuentas del da\u00f1o en cada barrio pero queda tiempo para ese an\u00e1lisis fino. Y, en cualquier caso, no creo que difieran mucho los datos barrio a barrio. <\/em><\/p>\n<p><em>Ten\u00eda pensado hablar del futuro, la pol\u00e9mica que hoy m\u00e1s me llama la atenci\u00f3n, pero camino de la compra, dos veces a la semana, debidamente pertrechado de todos los medios de autodefensa posibles que me exige el alto estado mayor de casa, me pas\u00e9 a saludar a don Francisco. Y ya ven, se me fue el santo al cielo y volv\u00ed mi cabeza hacia el pasado.<\/em><\/p>\n<p><em>Es igual, pasado, futuro o presente. Tiene raz\u00f3n el divino cojo. Al final lo que importa es protegerse de la envidia, practicar la gratitud, huir de los soberbios y no querer ser el m\u00e1s rico del cementerio. <\/em><\/p>\n<p><em>Y a ver si le compran al p\u00e1rroco de Santa Feliciana una campana. Aqu\u00ed en la plaza el \u00c1ngelus nos sabe a poco.<\/em><\/p>\n<p><em>Un abrazo.<\/em><\/p>\n<p><em>\u00c1ngel<\/em>&#8220;<\/p>\n","protected":false},"excerpt":{"rendered":"<p>&#8220;Viernes, 27 de marzo 2020 Quevedo es el gran icono urbano de Chamber\u00ed. Hoy est\u00e1 solitario y solidario con los vecinos desde la reconfortante y segura altura de su peana. Es curioso que viviendo en una Espa\u00f1a sufridora de pestes y epidemias durante toda su vida \u00e9l apenas se\u00f1alase eso en sus obras. Incluso cuando [&hellip;]<\/p>\n","protected":false},"author":3,"featured_media":0,"comment_status":"open","ping_status":"closed","sticky":false,"template":"","format":"standard","meta":{"activitypub_content_warning":"","activitypub_content_visibility":"","activitypub_max_image_attachments":3,"activitypub_interaction_policy_quote":"anyone","activitypub_status":"federated","footnotes":""},"categories":[1],"tags":[35,75],"class_list":["post-5145","post","type-post","status-publish","format-standard","hentry","category-sen-categoria","tag-angel-alda","tag-coronavirus"],"_links":{"self":[{"href":"https:\/\/blogs.amarinha.gal\/ribadeando\/wp-json\/wp\/v2\/posts\/5145","targetHints":{"allow":["GET"]}}],"collection":[{"href":"https:\/\/blogs.amarinha.gal\/ribadeando\/wp-json\/wp\/v2\/posts"}],"about":[{"href":"https:\/\/blogs.amarinha.gal\/ribadeando\/wp-json\/wp\/v2\/types\/post"}],"author":[{"embeddable":true,"href":"https:\/\/blogs.amarinha.gal\/ribadeando\/wp-json\/wp\/v2\/users\/3"}],"replies":[{"embeddable":true,"href":"https:\/\/blogs.amarinha.gal\/ribadeando\/wp-json\/wp\/v2\/comments?post=5145"}],"version-history":[{"count":0,"href":"https:\/\/blogs.amarinha.gal\/ribadeando\/wp-json\/wp\/v2\/posts\/5145\/revisions"}],"wp:attachment":[{"href":"https:\/\/blogs.amarinha.gal\/ribadeando\/wp-json\/wp\/v2\/media?parent=5145"}],"wp:term":[{"taxonomy":"category","embeddable":true,"href":"https:\/\/blogs.amarinha.gal\/ribadeando\/wp-json\/wp\/v2\/categories?post=5145"},{"taxonomy":"post_tag","embeddable":true,"href":"https:\/\/blogs.amarinha.gal\/ribadeando\/wp-json\/wp\/v2\/tags?post=5145"}],"curies":[{"name":"wp","href":"https:\/\/api.w.org\/{rel}","templated":true}]}}