{"id":494,"date":"2024-06-16T08:05:00","date_gmt":"2024-06-16T06:05:00","guid":{"rendered":""},"modified":"2024-10-23T10:45:06","modified_gmt":"2024-10-23T08:45:06","slug":"a-orixe-da-musica-disco-xose-carlos","status":"publish","type":"post","link":"https:\/\/blogs.amarinha.gal\/ribadeando\/2024\/06\/16\/a-orixe-da-musica-disco-xose-carlos\/","title":{"rendered":"A orixe da m\u00fasica disco. Xos\u00e9 Carlos Rodr\u00edguez Ra\u00f1\u00f3n"},"content":{"rendered":"<table align=\"center\" cellpadding=\"0\" cellspacing=\"0\" class=\"tr-caption-container\" style=\"margin-left: auto; margin-right: auto;\">\n<tbody>\n<tr>\n<td style=\"text-align: center;\"><a href=\"https:\/\/blogs.amarinha.gal\/ribadeando\/wp-content\/uploads\/sites\/4\/2024\/06\/Disco_Ball3.jpeg\" imageanchor=\"1\" style=\"margin-left: auto; margin-right: auto;\"><img loading=\"lazy\" decoding=\"async\" height=\"480\" src=\"https:\/\/blogs.amarinha.gal\/ribadeando\/wp-content\/uploads\/sites\/4\/2024\/06\/Disco_Ball3.jpeg\" class=\"wp-image-495\" width=\"640\" \/><\/a><\/td>\n<\/tr>\n<tr>\n<td class=\"tr-caption\" style=\"text-align: center;\"><span style=\"font-size: x-small;\">De Sarah from Brizzzzzle, UK &#8211; Disco ball in blueUploaded by TheCuriousGnome, CC BY 2.0, <a href=\"https:\/\/commons.wikimedia.org\/w\/index.php?curid=9559025\">https:\/\/commons.wikimedia.org\/w\/index.php?curid=9559025<\/a><\/span><\/td>\n<\/tr>\n<\/tbody>\n<\/table>\n<p>&nbsp;<\/p>\n<p><em>A ORIXE DA M\u00daSICA DISCO<\/em><\/p>\n<p><em><br \/>\n<a href=\"https:\/\/blogs.amarinha.gal\/ribadeando\/search\/label\/Xos%C3%A9%20Carlos%20Rodr%C3%ADguez%20Ra%C3%B1%C3%B3n\" rel=\"nofollow noopener\" target=\"_blank\">Xos\u00e9 Carlos Rodr\u00edguez Ra\u00f1\u00f3n<\/a><\/em><\/p>\n<p><em><\/p>\n<p>\t<span>&nbsp;&nbsp; &nbsp;<\/span>Ad\u00f3itase atribu\u00edr ao filme \u201c<a href=\"https:\/\/gl.wikipedia.org\/wiki\/Saturday_Night_Fever\" rel=\"nofollow noopener\" target=\"_blank\">Febre do s\u00e1bado noite<\/a>\u201d de 1977. Era un estilo musical subterr\u00e1neo, nacido no barrio marxinal neoiorquino do Bronx e que fux\u00eda da contracultura hippy da d\u00e9cada anterior. Non procuraba o compromiso social nin a protesta. S\u00f3 lle interesaba a simple diversi\u00f3n m\u00e1is intensa.<\/em><\/p>\n<p><em><br \/>\n\t<span>&nbsp;&nbsp; &nbsp;<\/span>Axi\u00f1a engaiolou \u00e1 mocidade das clases medias acomodadas, que viv\u00eda modosi\u00f1amente de luns a venres e desfasaba as fins de semana. Co paso dos anos, rematou evolu\u00edndo ao funk psicod\u00e9lico e despois ao superfluo \u00e9xito comercial de masas grazas aos programas de radio musicais e a certas divas internacionais.<\/em><\/p>\n<p><em><br \/>\n\t<span>&nbsp;&nbsp; &nbsp;<\/span>Nos seus inicios foi considerada unha m\u00fasica para negros, latinos e homosexuais, relacionada co \u201c<a href=\"https:\/\/gl.wikipedia.org\/wiki\/Rhythm_and_blues\" rel=\"nofollow noopener\" target=\"_blank\">rhythm and blues<\/a>\u201d, allea aos testoster\u00f3nicos estilos \u201c<a href=\"https:\/\/gl.wikipedia.org\/wiki\/M%C3%BAsica_country\" rel=\"nofollow noopener\" target=\"_blank\">country<\/a>\u201d e <a href=\"https:\/\/gl.wikipedia.org\/wiki\/M%C3%BAsica_rock\" rel=\"nofollow noopener\" target=\"_blank\">rock<\/a>. Mesmo houbo un locutor deportivo que ofreceu entradas de balde para un partido de b\u00e9isbol entre os equipos de Chicago e Detroit en 1979 a quen trouxese un disco deste estilo e o esnaquizase no terreo de xogo. Houbo que suspender a competici\u00f3n polo lament\u00e1bel estado no que ficou o estadio.<\/em><\/p>\n<p><em><br \/>\n<span>&nbsp;&nbsp; &nbsp;<\/span>O seu primeiro escaparate mundial foi a discoteca <a href=\"https:\/\/es.wikipedia.org\/wiki\/Studio_54\" rel=\"nofollow noopener\" target=\"_blank\">Studio 54<\/a>, coas s\u00faas ic\u00f3nicas b\u00f3las de cristal xiratorias, cando as melod\u00edas disco xa sa\u00edran das s\u00faas toupeiras para entrar nos glamurosos locais de moda.<\/em><\/p>\n","protected":false},"excerpt":{"rendered":"<p>De Sarah from Brizzzzzle, UK &#8211; Disco ball in blueUploaded by TheCuriousGnome, CC BY 2.0, https:\/\/commons.wikimedia.org\/w\/index.php?curid=9559025 &nbsp; A ORIXE DA M\u00daSICA DISCO Xos\u00e9 Carlos Rodr\u00edguez Ra\u00f1\u00f3n &nbsp;&nbsp; &nbsp;Ad\u00f3itase atribu\u00edr ao filme \u201cFebre do s\u00e1bado noite\u201d de 1977. Era un estilo musical subterr\u00e1neo, nacido no barrio marxinal neoiorquino do Bronx e que fux\u00eda da contracultura hippy [&hellip;]<\/p>\n","protected":false},"author":3,"featured_media":495,"comment_status":"open","ping_status":"closed","sticky":false,"template":"","format":"standard","meta":{"activitypub_content_warning":"","activitypub_content_visibility":"","activitypub_max_image_attachments":3,"activitypub_interaction_policy_quote":"anyone","activitypub_status":"federate","footnotes":""},"categories":[1],"tags":[10,11,31],"class_list":["post-494","post","type-post","status-publish","format-standard","has-post-thumbnail","hentry","category-sen-categoria","tag-cultura","tag-historia","tag-xose-carlos-rodriguez-ranon"],"_links":{"self":[{"href":"https:\/\/blogs.amarinha.gal\/ribadeando\/wp-json\/wp\/v2\/posts\/494","targetHints":{"allow":["GET"]}}],"collection":[{"href":"https:\/\/blogs.amarinha.gal\/ribadeando\/wp-json\/wp\/v2\/posts"}],"about":[{"href":"https:\/\/blogs.amarinha.gal\/ribadeando\/wp-json\/wp\/v2\/types\/post"}],"author":[{"embeddable":true,"href":"https:\/\/blogs.amarinha.gal\/ribadeando\/wp-json\/wp\/v2\/users\/3"}],"replies":[{"embeddable":true,"href":"https:\/\/blogs.amarinha.gal\/ribadeando\/wp-json\/wp\/v2\/comments?post=494"}],"version-history":[{"count":0,"href":"https:\/\/blogs.amarinha.gal\/ribadeando\/wp-json\/wp\/v2\/posts\/494\/revisions"}],"wp:featuredmedia":[{"embeddable":true,"href":"https:\/\/blogs.amarinha.gal\/ribadeando\/wp-json\/wp\/v2\/media\/495"}],"wp:attachment":[{"href":"https:\/\/blogs.amarinha.gal\/ribadeando\/wp-json\/wp\/v2\/media?parent=494"}],"wp:term":[{"taxonomy":"category","embeddable":true,"href":"https:\/\/blogs.amarinha.gal\/ribadeando\/wp-json\/wp\/v2\/categories?post=494"},{"taxonomy":"post_tag","embeddable":true,"href":"https:\/\/blogs.amarinha.gal\/ribadeando\/wp-json\/wp\/v2\/tags?post=494"}],"curies":[{"name":"wp","href":"https:\/\/api.w.org\/{rel}","templated":true}]}}